{"id":3148,"date":"2019-09-27T21:12:39","date_gmt":"2019-09-27T19:12:39","guid":{"rendered":"https:\/\/sites.ffkarate.fr\/yvelines78\/?post_type=news&amp;p=3148"},"modified":"2019-09-27T21:12:39","modified_gmt":"2019-09-27T19:12:39","slug":"tournoi-de-qualification-karate-2020","status":"publish","type":"post","link":"https:\/\/sites.ffkarate.fr\/yvelines78\/2019\/09\/27\/tournoi-de-qualification-karate-2020\/","title":{"rendered":"Tournoi de qualification Karat\u00e9 2020"},"content":{"rendered":"<div class=\"wpb-content-wrapper\"><p>[vc_row][vc_column][vc_column_text]<\/p>\n<p style=\"text-align: left\">La billetterie pour licenci\u00e9s et groupe du Tournoi de Qualification Karat\u00e9 2020\u00a0est d\u00e9sormais ouverte !<\/p>\n<p style=\"text-align: left\"><!--more--><\/p>\n<div>\n<div style=\"text-align: left\">\n<table border=\"0\" cellspacing=\"0\" cellpadding=\"0\" align=\"center\">\n<tbody>\n<tr>\n<td>\n<div class=\"mj-column-per-67 outlook-group-fix\">\n<table border=\"0\" width=\"100%\" cellspacing=\"0\" cellpadding=\"0\">\n<tbody>\n<tr>\n<td align=\"left\"><\/td>\n<\/tr>\n<\/tbody>\n<\/table>\n<\/div>\n<div class=\"mj-column-per-33 outlook-group-fix\">\n<table border=\"0\" width=\"100%\" cellspacing=\"0\" cellpadding=\"0\">\n<tbody>\n<tr>\n<td align=\"right\">\n<div>\n<p><span style=\"color: #008080\"><em><a style=\"color: #008080\" href=\"http:\/\/ml.redir.ffkarate.fr\/nl2\/s539\/lhr90.html?m=AMIAAE0Ki7wAAccfAHgAACzSf9wAAJU_i2EAHpqRAAFnwwBdg4EdllLOVSZTSVS1IUE0ORMkuwABWCs&amp;b=e752befb&amp;e=4779c1b0&amp;x=UN8ZKh2fq5CLw088iOqwnijSlsYjKg_MkYkn2dYHKw4\" target=\"_blank\" rel=\"noopener\">Voir la version en ligne<\/a><\/em><\/span><\/p>\n<\/div>\n<\/td>\n<\/tr>\n<\/tbody>\n<\/table>\n<\/div>\n<\/td>\n<\/tr>\n<\/tbody>\n<\/table>\n<\/div>\n<div style=\"text-align: left\">\n<div>\n<table border=\"0\" cellspacing=\"0\" cellpadding=\"0\" align=\"center\">\n<tbody>\n<tr>\n<td>\n<div class=\"mj-column-per-100 outlook-group-fix\">\n<table style=\"height: 638px\" border=\"0\" width=\"555\" cellspacing=\"0\" cellpadding=\"0\">\n<tbody>\n<tr>\n<td align=\"center\">\n<table class=\"full-width-mobile\" border=\"0\" cellspacing=\"0\" cellpadding=\"0\">\n<tbody>\n<tr>\n<td class=\"full-width-mobile\"><a href=\"http:\/\/ml.redir.ffkarate.fr\/lnk\/AMIAAE0Ki7wAAccfAHgAACzSf9wAAJU_i2EAHpqRAAFnwwBdg4EdllLOVSZTSVS1IUE0ORMkuwABWCs\/1\/RILm1sv-6hcSsOoR_FMb3g\/aHR0cHM6Ly93d3cuZnJhbmNla2FyYXRlMjAyMC5mci9mci90b3Vybm9pLWRlLXF1YWxpZmljYXRpb24vcHJlc2VudGF0aW9u\" target=\"_blank\" rel=\"noopener\"><img decoding=\"async\" class=\" alignnone\" src=\"http:\/\/ml.redir.ffkarate.fr\/img\/s539\/b\/lhr9x\/v10y0.jpeg\" alt=\"\" width=\"546\" height=\"216\" \/><\/a><\/td>\n<\/tr>\n<\/tbody>\n<\/table>\n<\/td>\n<\/tr>\n<tr>\n<td align=\"center\">\n<table style=\"height: 366px\" border=\"0\" width=\"552\" cellspacing=\"0\" cellpadding=\"0\">\n<tbody>\n<tr>\n<td><a href=\"http:\/\/ml.redir.ffkarate.fr\/lnk\/AMIAAE0Ki7wAAccfAHgAACzSf9wAAJU_i2EAHpqRAAFnwwBdg4EdllLOVSZTSVS1IUE0ORMkuwABWCs\/2\/ik3oB_HbBAEzkzDQyG8ocg\/aHR0cHM6Ly9iaWxsZXR0ZXJpZS5hY2NvcmhvdGVsc2FyZW5hLmNvbS9mci9saXN0ZS90b3Vybm9pLWRlLXF1YWxpZmljYXRpb24ta2FyYXRlLTIwMjAtYmlsbGV0L2lkbGlzdC81MS9jb2R0eXBhZGgvRkNNL251bWFkaC8wMS9jb2RlY29uZi9GVE1TMDE\" target=\"_blank\" rel=\"noopener\"><img decoding=\"async\" src=\"http:\/\/ml.redir.ffkarate.fr\/img\/s539\/b\/lhr9x\/v10ym.jpeg\" alt=\"\" width=\"550\" height=\"auto\" \/><\/a><\/td>\n<\/tr>\n<\/tbody>\n<\/table>\n<\/td>\n<\/tr>\n<tr>\n<td align=\"left\">\n<div>\n<p style=\"text-align: center\"><b>Les 8, 9, 10 mai 2020<\/b> &#8211; \u00e0 l&rsquo;AccorHotels Arena (Paris)<\/p>\n<\/div>\n<\/td>\n<\/tr>\n<\/tbody>\n<\/table>\n<\/div>\n<\/td>\n<\/tr>\n<\/tbody>\n<\/table>\n<\/div>\n<\/div>\n<div style=\"text-align: left\">\n<table style=\"height: 253px\" border=\"0\" width=\"956\" cellspacing=\"0\" cellpadding=\"0\" align=\"center\">\n<tbody>\n<tr>\n<td>\n<div class=\"mj-column-per-100 outlook-group-fix\">\n<table style=\"height: 227px\" border=\"0\" width=\"955\" cellspacing=\"0\" cellpadding=\"0\">\n<tbody>\n<tr>\n<td align=\"center\">\n<div>\n<p>La billetterie pour licenci\u00e9s et groupe\u00a0est d\u00e9sormais ouverte !<br \/>\nTarif sp\u00e9cial :<b> -20% sur les tarifs Grand Public. <\/b>Ne manquez pas cet \u00e9v\u00e9nement unique, achetez vos places*.<\/p>\n<\/div>\n<\/td>\n<\/tr>\n<tr>\n<td align=\"center\">\n<table class=\" aligncenter\" style=\"height: 25px\" border=\"0\" width=\"206\" cellspacing=\"0\" cellpadding=\"0\">\n<tbody>\n<tr>\n<td align=\"center\" valign=\"middle\" bgcolor=\"#e52321\"><a href=\"http:\/\/ml.redir.ffkarate.fr\/lnk\/AMIAAE0Ki7wAAccfAHgAACzSf9wAAJU_i2EAHpqRAAFnwwBdg4EdllLOVSZTSVS1IUE0ORMkuwABWCs\/3\/kMxdbiP-ce_Yxs6EAjQjhg\/aHR0cHM6Ly9iaWxsZXR0ZXJpZS5hY2NvcmhvdGVsc2FyZW5hLmNvbS9mci9saXN0ZS90b3Vybm9pLWRlLXF1YWxpZmljYXRpb24ta2FyYXRlLTIwMjAtYmlsbGV0L2lkbGlzdC81MS9jb2R0eXBhZGgvRkNNL251bWFkaC8wMS9jb2RlY29uZi9GVE1TMDE\" target=\"_blank\" rel=\"noopener\"><b>ACHETER VOS BILLETS<\/b><\/a><\/td>\n<\/tr>\n<\/tbody>\n<\/table>\n<\/td>\n<\/tr>\n<tr>\n<td align=\"left\">\n<div>\n<p style=\"text-align: center\">*Les places \u00e9tant num\u00e9rot\u00e9es ; il est conseill\u00e9 de commander ses places<br \/>\n<b>le plus t\u00f4t possible pour b\u00e9n\u00e9ficier des meilleures places.<\/b><br \/>\nLa commande de billets, que ce soit une commande individuelle ou une commande de groupe, doit \u00eatre effectu\u00e9e par un licenci\u00e9 (num\u00e9ro de licence demand\u00e9).<br \/>\nLa billetterie Grand Public ouvrira en Janvier 2020.<\/p>\n<\/div>\n<\/td>\n<\/tr>\n<\/tbody>\n<\/table>\n<\/div>\n<\/td>\n<\/tr>\n<\/tbody>\n<\/table>\n<\/div>\n<div style=\"text-align: left\">\n<table style=\"height: 71px\" border=\"0\" width=\"296\" cellspacing=\"0\" cellpadding=\"0\" align=\"center\">\n<tbody>\n<tr>\n<td>\n<div class=\"mj-column-per-67 outlook-group-fix\">\n<table style=\"height: 40px\" border=\"0\" width=\"290\" cellspacing=\"0\" cellpadding=\"0\">\n<tbody>\n<tr>\n<td align=\"left\">\n<div>\n<p><i><b><b>Un seul hasthag <\/b>#ParisKarate202<\/b><\/i><\/p>\n<\/div>\n<\/td>\n<\/tr>\n<\/tbody>\n<\/table>\n<\/div>\n<div class=\"mj-column-per-33 outlook-group-fix\"><\/div>\n<\/td>\n<\/tr>\n<\/tbody>\n<\/table>\n<\/div>\n<\/div>\n<p>[\/vc_column_text][\/vc_column][\/vc_row]<\/p>\n<\/div>","protected":false},"excerpt":{"rendered":"<p>[vc_row][vc_column][vc_column_text] La billetterie pour licenci\u00e9s et groupe du Tournoi de Qualification Karat\u00e9 2020\u00a0est d\u00e9sormais ouverte !<\/p>\n","protected":false},"author":20,"featured_media":0,"comment_status":"closed","ping_status":"closed","sticky":false,"template":"","format":"standard","meta":{"footnotes":""},"categories":[1],"tags":[],"class_list":["post-3148","post","type-post","status-publish","format-standard","hentry","category-non-classe"],"_links":{"self":[{"href":"https:\/\/sites.ffkarate.fr\/yvelines78\/wp-json\/wp\/v2\/posts\/3148","targetHints":{"allow":["GET"]}}],"collection":[{"href":"https:\/\/sites.ffkarate.fr\/yvelines78\/wp-json\/wp\/v2\/posts"}],"about":[{"href":"https:\/\/sites.ffkarate.fr\/yvelines78\/wp-json\/wp\/v2\/types\/post"}],"author":[{"embeddable":true,"href":"https:\/\/sites.ffkarate.fr\/yvelines78\/wp-json\/wp\/v2\/users\/20"}],"replies":[{"embeddable":true,"href":"https:\/\/sites.ffkarate.fr\/yvelines78\/wp-json\/wp\/v2\/comments?post=3148"}],"version-history":[{"count":0,"href":"https:\/\/sites.ffkarate.fr\/yvelines78\/wp-json\/wp\/v2\/posts\/3148\/revisions"}],"wp:attachment":[{"href":"https:\/\/sites.ffkarate.fr\/yvelines78\/wp-json\/wp\/v2\/media?parent=3148"}],"wp:term":[{"taxonomy":"category","embeddable":true,"href":"https:\/\/sites.ffkarate.fr\/yvelines78\/wp-json\/wp\/v2\/categories?post=3148"},{"taxonomy":"post_tag","embeddable":true,"href":"https:\/\/sites.ffkarate.fr\/yvelines78\/wp-json\/wp\/v2\/tags?post=3148"}],"curies":[{"name":"wp","href":"https:\/\/api.w.org\/{rel}","templated":true}]}}