{"id":3236,"date":"2019-11-27T23:27:12","date_gmt":"2019-11-27T22:27:12","guid":{"rendered":"https:\/\/sites.ffkarate.fr\/yvelines78\/?post_type=news&amp;p=3236"},"modified":"2019-11-27T23:27:12","modified_gmt":"2019-11-27T22:27:12","slug":"coupe-de-france-interstyle-14-ans","status":"publish","type":"post","link":"https:\/\/sites.ffkarate.fr\/yvelines78\/2019\/11\/27\/coupe-de-france-interstyle-14-ans\/","title":{"rendered":"Coupe de France Interstyle &#8211; 14 ans"},"content":{"rendered":"<div class=\"wpb-content-wrapper\"><p>[vc_row][vc_column][vc_column_text]Dimanche 24 novembre dernier s&rsquo;est d\u00e9roul\u00e9 la coupe de France Interstyle \u00e0 l&rsquo;INJ o\u00f9 le club AMV de Poissy s&rsquo;est illustr\u00e9 en s&#8217;emparant de nombreuses places des podiums :<\/p>\n<p>F\u00e9licitations aux comp\u00e9titeurs qui ont fait honneur au club et au d\u00e9partement :<\/p>\n<p><!--more--><\/p>\n<p>Damian Moreau : 1er, cat\u00e9gorie Poussin masculin-25Kg<br \/>\nNoah Ameline : 1er, cat\u00e9gorie Pupille masculin -25Kg<br \/>\nAdrien Marmion-Kazsmer : 2\u00e8me, cat\u00e9gorie Pupille masculin -25Kg<br \/>\nBilge Abasikeles : 1\u00e8re, cat\u00e9gorie benjamin f\u00e9minine -35Kg<br \/>\nDavid Koukpode : 2\u00e8me, cat\u00e9gorie benjamin masculin -55Kg<br \/>\nMalorie Tarterat : 1\u00e8re, cat\u00e9gorie Minime F\u00e9minin -45Kg<br \/>\nNichifor Koukpode : 1er, cat\u00e9gorie Minime masculin -55Kg<\/p>\n<p><a href=\"https:\/\/sites.ffkarate.fr\/yvelines78\/wp-content\/uploads\/sites\/9\/2019\/11\/cpfrINTERSTYLE-14-2019.gif\"><img decoding=\"async\" class=\"alignleft size-full wp-image-3237\" src=\"https:\/\/sites.ffkarate.fr\/yvelines78\/wp-content\/uploads\/sites\/9\/2019\/11\/cpfrINTERSTYLE-14-2019.gif\" alt=\"cpfrINTERSTYLE-14-2019\" width=\"960\" height=\"720\" \/><\/a>[\/vc_column_text][\/vc_column][\/vc_row]<\/p>\n<\/div>","protected":false},"excerpt":{"rendered":"<p>[vc_row][vc_column][vc_column_text]Dimanche 24 novembre dernier s&rsquo;est d\u00e9roul\u00e9 la coupe de France Interstyle \u00e0 l&rsquo;INJ o\u00f9 le club AMV de Poissy s&rsquo;est illustr\u00e9 en s&#8217;emparant de nombreuses places des podiums : F\u00e9licitations aux comp\u00e9titeurs qui ont fait honneur au club et au d\u00e9partement :<\/p>\n","protected":false},"author":20,"featured_media":0,"comment_status":"closed","ping_status":"closed","sticky":false,"template":"","format":"standard","meta":{"footnotes":""},"categories":[1],"tags":[],"class_list":["post-3236","post","type-post","status-publish","format-standard","hentry","category-non-classe"],"_links":{"self":[{"href":"https:\/\/sites.ffkarate.fr\/yvelines78\/wp-json\/wp\/v2\/posts\/3236","targetHints":{"allow":["GET"]}}],"collection":[{"href":"https:\/\/sites.ffkarate.fr\/yvelines78\/wp-json\/wp\/v2\/posts"}],"about":[{"href":"https:\/\/sites.ffkarate.fr\/yvelines78\/wp-json\/wp\/v2\/types\/post"}],"author":[{"embeddable":true,"href":"https:\/\/sites.ffkarate.fr\/yvelines78\/wp-json\/wp\/v2\/users\/20"}],"replies":[{"embeddable":true,"href":"https:\/\/sites.ffkarate.fr\/yvelines78\/wp-json\/wp\/v2\/comments?post=3236"}],"version-history":[{"count":0,"href":"https:\/\/sites.ffkarate.fr\/yvelines78\/wp-json\/wp\/v2\/posts\/3236\/revisions"}],"wp:attachment":[{"href":"https:\/\/sites.ffkarate.fr\/yvelines78\/wp-json\/wp\/v2\/media?parent=3236"}],"wp:term":[{"taxonomy":"category","embeddable":true,"href":"https:\/\/sites.ffkarate.fr\/yvelines78\/wp-json\/wp\/v2\/categories?post=3236"},{"taxonomy":"post_tag","embeddable":true,"href":"https:\/\/sites.ffkarate.fr\/yvelines78\/wp-json\/wp\/v2\/tags?post=3236"}],"curies":[{"name":"wp","href":"https:\/\/api.w.org\/{rel}","templated":true}]}}