{"id":3250,"date":"2019-12-07T00:31:46","date_gmt":"2019-12-06T23:31:46","guid":{"rendered":"https:\/\/sites.ffkarate.fr\/yvelines78\/?post_type=news&amp;p=3250"},"modified":"2019-12-07T00:31:46","modified_gmt":"2019-12-06T23:31:46","slug":"chp-du-monde-chili","status":"publish","type":"post","link":"https:\/\/sites.ffkarate.fr\/yvelines78\/2019\/12\/07\/chp-du-monde-chili\/","title":{"rendered":"Chp du monde Chili"},"content":{"rendered":"<div class=\"wpb-content-wrapper\"><p>[vc_row][vc_column][vc_column_text]<\/p>\n<div><em>\u00ab\u00a0F\u00e9licitations \u00e0 Haron WEISS, du club houdan Karat\u00e9 Do qui a d\u00e9croch\u00e9 la m\u00e9daille de bronze en kata par \u00e9quipe dans la cat\u00e9gorie cadets\/junior lors du championnat du monde qui s&rsquo;est d\u00e9roul\u00e9 au Chili en octobre dernier ! un grand Bravo !\u00a0\u00bb<\/em><\/div>\n<div><!--more--><\/div>\n<div><a href=\"https:\/\/sites.ffkarate.fr\/yvelines78\/wp-content\/uploads\/sites\/9\/2019\/12\/haronCHP-du-monde2019.jpg\"><img decoding=\"async\" class=\"alignleft  wp-image-3249\" src=\"https:\/\/sites.ffkarate.fr\/yvelines78\/wp-content\/uploads\/sites\/9\/2019\/12\/haronCHP-du-monde2019.jpg\" alt=\"haronCHP-du-monde2019\" width=\"755\" height=\"503\" \/><\/a><\/div>\n<p><a href=\"https:\/\/sites.ffkarate.fr\/yvelines78\/wp-content\/uploads\/sites\/9\/2019\/12\/haron2019.jpg\"><img decoding=\"async\" class=\"alignleft  wp-image-3247\" src=\"https:\/\/sites.ffkarate.fr\/yvelines78\/wp-content\/uploads\/sites\/9\/2019\/12\/haron2019.jpg\" alt=\"haron2019\" width=\"435\" height=\"650\" \/><\/a><\/p>\n<p>&nbsp;<\/p>\n<p>&nbsp;<\/p>\n<p>&nbsp;[\/vc_column_text][\/vc_column][\/vc_row]<\/p>\n<\/div>","protected":false},"excerpt":{"rendered":"<p>[vc_row][vc_column][vc_column_text] \u00ab\u00a0F\u00e9licitations \u00e0 Haron WEISS, du club houdan Karat\u00e9 Do qui a d\u00e9croch\u00e9 la m\u00e9daille de bronze en kata par \u00e9quipe dans la cat\u00e9gorie cadets\/junior lors du championnat du monde qui s&rsquo;est d\u00e9roul\u00e9 au Chili en octobre dernier ! un grand Bravo !\u00a0\u00bb<\/p>\n","protected":false},"author":20,"featured_media":3248,"comment_status":"closed","ping_status":"closed","sticky":false,"template":"","format":"standard","meta":{"footnotes":""},"categories":[1],"tags":[],"class_list":["post-3250","post","type-post","status-publish","format-standard","hentry","category-non-classe"],"_links":{"self":[{"href":"https:\/\/sites.ffkarate.fr\/yvelines78\/wp-json\/wp\/v2\/posts\/3250","targetHints":{"allow":["GET"]}}],"collection":[{"href":"https:\/\/sites.ffkarate.fr\/yvelines78\/wp-json\/wp\/v2\/posts"}],"about":[{"href":"https:\/\/sites.ffkarate.fr\/yvelines78\/wp-json\/wp\/v2\/types\/post"}],"author":[{"embeddable":true,"href":"https:\/\/sites.ffkarate.fr\/yvelines78\/wp-json\/wp\/v2\/users\/20"}],"replies":[{"embeddable":true,"href":"https:\/\/sites.ffkarate.fr\/yvelines78\/wp-json\/wp\/v2\/comments?post=3250"}],"version-history":[{"count":0,"href":"https:\/\/sites.ffkarate.fr\/yvelines78\/wp-json\/wp\/v2\/posts\/3250\/revisions"}],"wp:featuredmedia":[{"embeddable":true,"href":"https:\/\/sites.ffkarate.fr\/yvelines78\/wp-json\/wp\/v2\/media\/3248"}],"wp:attachment":[{"href":"https:\/\/sites.ffkarate.fr\/yvelines78\/wp-json\/wp\/v2\/media?parent=3250"}],"wp:term":[{"taxonomy":"category","embeddable":true,"href":"https:\/\/sites.ffkarate.fr\/yvelines78\/wp-json\/wp\/v2\/categories?post=3250"},{"taxonomy":"post_tag","embeddable":true,"href":"https:\/\/sites.ffkarate.fr\/yvelines78\/wp-json\/wp\/v2\/tags?post=3250"}],"curies":[{"name":"wp","href":"https:\/\/api.w.org\/{rel}","templated":true}]}}