{"id":3263,"date":"2019-12-13T01:38:19","date_gmt":"2019-12-13T00:38:19","guid":{"rendered":"https:\/\/sites.ffkarate.fr\/yvelines78\/?post_type=news&amp;p=3263"},"modified":"2019-12-13T01:38:19","modified_gmt":"2019-12-13T00:38:19","slug":"coupe-de-france-karate-mix-coupe-de-france-zone-nord-karate-contact-semi-et-full","status":"publish","type":"post","link":"https:\/\/sites.ffkarate.fr\/yvelines78\/2019\/12\/13\/coupe-de-france-karate-mix-coupe-de-france-zone-nord-karate-contact-semi-et-full\/","title":{"rendered":"CP de France Karat\u00e9 Mix \/ CP de France Zone Nord  Karat\u00e9 Contact, Semi et Full Contact"},"content":{"rendered":"<div class=\"wpb-content-wrapper\"><p>[vc_row][vc_column][vc_column_text]Lors de la Coupe de France Karate Mix et de la Coupe de France Zone Nord Karat\u00e9 Contact, Semi et Full Contact les 07 et 08 D\u00e9cembre\u00a0dernier le club de Karat\u00e9 Mix de Feucherolles ; le \u00ab\u00a0Defense Impact Boxing de Feucherolles\u00a0\u00bb a \u00e9t\u00e9 \u00e0 l&rsquo;honneur lors de\u00a0ces coupes de France en s&#8217;emparant de plusieurs titres :<\/p>\n<p><!--more--><\/p>\n<div dir=\"auto\">VAZZOLER L\u00e9o, junior moins de 70 kg a\u00a0remport\u00e9 la Coupe de France Karat\u00e9 Full contact zone Nord et a obtenu la 3\u00e8 place \u00e0 la Coupe de France de Karat\u00e9 Mix.<\/div>\n<div dir=\"auto\">DUPONT Pierre Alexis 1er \u00e0 la Coupe de France Karat\u00e9 Mix en moins de 92 kg.<\/div>\n<div dir=\"auto\">OBEL Gaetan 1er \u00e0 la Coupe de France Karat\u00e9 Mix en plus de 92 kg.<\/div>\n<div dir=\"auto\">BREBION Florent 1er \u00e0 la Coupe de France Karat\u00e9 Mix 78 kg.<\/div>\n<div dir=\"auto\"><\/div>\n<div dir=\"auto\">F\u00e9licitations au club et aux comp\u00e9titeurs !<\/div>\n<div dir=\"auto\"><\/div>\n<div dir=\"auto\"><a href=\"https:\/\/sites.ffkarate.fr\/yvelines78\/wp-content\/uploads\/sites\/9\/2019\/12\/karamix8-2019.jpg\"><img decoding=\"async\" class=\"  wp-image-3262 alignnone\" src=\"https:\/\/sites.ffkarate.fr\/yvelines78\/wp-content\/uploads\/sites\/9\/2019\/12\/karamix8-2019.jpg\" alt=\"karamix8-2019\" width=\"649\" height=\"486\" \/><\/a><\/div>\n<div dir=\"auto\"><a href=\"https:\/\/sites.ffkarate.fr\/yvelines78\/wp-content\/uploads\/sites\/9\/2019\/12\/karamix3-2019.jpg\"><img decoding=\"async\" class=\"  wp-image-3257 alignnone\" src=\"https:\/\/sites.ffkarate.fr\/yvelines78\/wp-content\/uploads\/sites\/9\/2019\/12\/karamix3-2019.jpg\" alt=\"karamix3-2019\" width=\"648\" height=\"486\" \/><\/a><\/div>\n<div dir=\"auto\"><a href=\"https:\/\/sites.ffkarate.fr\/yvelines78\/wp-content\/uploads\/sites\/9\/2019\/12\/karamix2-2019.jpg\"><img decoding=\"async\" class=\"  wp-image-3256 alignnone\" src=\"https:\/\/sites.ffkarate.fr\/yvelines78\/wp-content\/uploads\/sites\/9\/2019\/12\/karamix2-2019.jpg\" alt=\"karamix2-2019\" width=\"647\" height=\"485\" \/><\/a><\/div>\n<div dir=\"auto\"><a href=\"https:\/\/sites.ffkarate.fr\/yvelines78\/wp-content\/uploads\/sites\/9\/2019\/12\/karamix1-2019.jpg\"><img decoding=\"async\" class=\"  wp-image-3255 alignnone\" src=\"https:\/\/sites.ffkarate.fr\/yvelines78\/wp-content\/uploads\/sites\/9\/2019\/12\/karamix1-2019.jpg\" alt=\"karamix1-2019\" width=\"646\" height=\"484\" \/><\/a><\/div>\n<div dir=\"auto\"><a href=\"https:\/\/sites.ffkarate.fr\/yvelines78\/wp-content\/uploads\/sites\/9\/2019\/12\/karamix4-2019.jpg\"><img decoding=\"async\" class=\"  wp-image-3258 alignnone\" src=\"https:\/\/sites.ffkarate.fr\/yvelines78\/wp-content\/uploads\/sites\/9\/2019\/12\/karamix4-2019.jpg\" alt=\"karamix4-2019\" width=\"645\" height=\"484\" \/><\/a><\/div>\n<div dir=\"auto\"><a href=\"https:\/\/sites.ffkarate.fr\/yvelines78\/wp-content\/uploads\/sites\/9\/2019\/12\/karamix5-2019-e1576197068481.jpg\"><img decoding=\"async\" class=\"  wp-image-3259 alignnone\" src=\"https:\/\/sites.ffkarate.fr\/yvelines78\/wp-content\/uploads\/sites\/9\/2019\/12\/karamix5-2019-e1576197068481.jpg\" alt=\"karamix5-2019\" width=\"645\" height=\"860\" \/><\/a><\/div>\n<div dir=\"auto\"><a href=\"https:\/\/sites.ffkarate.fr\/yvelines78\/wp-content\/uploads\/sites\/9\/2019\/12\/karamix6-2019-e1576197166695.jpg\"><img decoding=\"async\" class=\"  wp-image-3260 alignnone\" src=\"https:\/\/sites.ffkarate.fr\/yvelines78\/wp-content\/uploads\/sites\/9\/2019\/12\/karamix6-2019-e1576197166695.jpg\" alt=\"karamix6-2019\" width=\"646\" height=\"861\" \/><\/a><\/div>\n<div dir=\"auto\"><\/div>\n<p>&nbsp;[\/vc_column_text][\/vc_column][\/vc_row]<\/p>\n<\/div>","protected":false},"excerpt":{"rendered":"<p>[vc_row][vc_column][vc_column_text]Lors de la Coupe de France Karate Mix et de la Coupe de France Zone Nord Karat\u00e9 Contact, Semi et Full Contact les 07 et 08 D\u00e9cembre\u00a0dernier le club de Karat\u00e9 Mix de Feucherolles ; le \u00ab\u00a0Defense Impact Boxing de Feucherolles\u00a0\u00bb a \u00e9t\u00e9 \u00e0 l&rsquo;honneur lors de\u00a0ces coupes de France en s&#8217;emparant de plusieurs titres [&hellip;]<\/p>\n","protected":false},"author":20,"featured_media":0,"comment_status":"closed","ping_status":"closed","sticky":false,"template":"","format":"standard","meta":{"footnotes":""},"categories":[1],"tags":[],"class_list":["post-3263","post","type-post","status-publish","format-standard","hentry","category-non-classe"],"_links":{"self":[{"href":"https:\/\/sites.ffkarate.fr\/yvelines78\/wp-json\/wp\/v2\/posts\/3263","targetHints":{"allow":["GET"]}}],"collection":[{"href":"https:\/\/sites.ffkarate.fr\/yvelines78\/wp-json\/wp\/v2\/posts"}],"about":[{"href":"https:\/\/sites.ffkarate.fr\/yvelines78\/wp-json\/wp\/v2\/types\/post"}],"author":[{"embeddable":true,"href":"https:\/\/sites.ffkarate.fr\/yvelines78\/wp-json\/wp\/v2\/users\/20"}],"replies":[{"embeddable":true,"href":"https:\/\/sites.ffkarate.fr\/yvelines78\/wp-json\/wp\/v2\/comments?post=3263"}],"version-history":[{"count":0,"href":"https:\/\/sites.ffkarate.fr\/yvelines78\/wp-json\/wp\/v2\/posts\/3263\/revisions"}],"wp:attachment":[{"href":"https:\/\/sites.ffkarate.fr\/yvelines78\/wp-json\/wp\/v2\/media?parent=3263"}],"wp:term":[{"taxonomy":"category","embeddable":true,"href":"https:\/\/sites.ffkarate.fr\/yvelines78\/wp-json\/wp\/v2\/categories?post=3263"},{"taxonomy":"post_tag","embeddable":true,"href":"https:\/\/sites.ffkarate.fr\/yvelines78\/wp-json\/wp\/v2\/tags?post=3263"}],"curies":[{"name":"wp","href":"https:\/\/api.w.org\/{rel}","templated":true}]}}