{"id":3265,"date":"2019-12-17T00:15:17","date_gmt":"2019-12-16T23:15:17","guid":{"rendered":"https:\/\/sites.ffkarate.fr\/yvelines78\/?post_type=news&amp;p=3265"},"modified":"2019-12-17T00:15:17","modified_gmt":"2019-12-16T23:15:17","slug":"offre-promotionnelle-pour-les-clubs-ffk-et-organes-deconcentres","status":"publish","type":"post","link":"https:\/\/sites.ffkarate.fr\/yvelines78\/2019\/12\/17\/offre-promotionnelle-pour-les-clubs-ffk-et-organes-deconcentres\/","title":{"rendered":"OFFRE PROMOTIONNELLE POUR LES CLUBS FFK"},"content":{"rendered":"<div class=\"wpb-content-wrapper\"><p>[vc_row][vc_column][vc_column_text]<span style=\"color: #ff0000\"><b>Jusqu&rsquo;\u00e0 -40% de r\u00e9duction* !<\/b><\/span><\/p>\n<p>Vous d\u00e9sirez assister \u00e0 l&rsquo;\u00e9dition 2020 de l&rsquo;Open Paris Karat\u00e9 et profiter\u00a0d&rsquo;une offre promotionnelle \u00a0?<\/p>\n<p>Mobilisez votre club pour assister l&rsquo;Open Paris Karat\u00e9 et profitez d&rsquo;une offre !<\/p>\n<p><b>Remplissez le formulaire de r\u00e9servation groupe ci-dessous et renvoyez-le \u00e0 l&rsquo;adresse mail suivante : <\/b><em><a href=\"http:\/\/ml.redir.ffkarate.fr\/lnk\/ANEAAFo6aKMAAciXrBQAACzSf9wAAJU_i2EAHpqRAAFnwwBd82PilEDacK6hSra007njkQ6wbgABWCs\/2\/Jo9DqsfC-i8NSdDfQXZFvA\/aHR0cDovL2NvbW11bmljYXRpb25AZmZrYXJhdGUuZnIv\" target=\"_blank\" rel=\"noopener\">opendeparis@ffkarate.fr<\/a><\/em><b>.<\/b><\/p>\n<p><strong><a href=\"https:\/\/www.weezevent.com\/open-paris-karate-2020\" target=\"_blank\" rel=\"noopener\">Billets individuels<\/a><\/strong><\/p>\n<p><strong><a href=\"https:\/\/www.ffkarate.fr\/wp-content\/uploads\/2019\/11\/FORMULAIRE-DE-RESERVATION-DE-GROUPE-CLUB-ET-OD_OPK_2020.pdf\" target=\"_blank\" rel=\"noopener\">Formulaire R\u00e9servation Groupe<\/a><\/strong><\/p>\n<p><!--more--><\/p>\n<p><em>*D\u00e9pend du nombre de places command\u00e9es.<\/em>[\/vc_column_text][\/vc_column][\/vc_row]<\/p>\n<\/div>","protected":false},"excerpt":{"rendered":"<p>[vc_row][vc_column][vc_column_text]Jusqu&rsquo;\u00e0 -40% de r\u00e9duction* ! Vous d\u00e9sirez assister \u00e0 l&rsquo;\u00e9dition 2020 de l&rsquo;Open Paris Karat\u00e9 et profiter\u00a0d&rsquo;une offre promotionnelle \u00a0? Mobilisez votre club pour assister l&rsquo;Open Paris Karat\u00e9 et profitez d&rsquo;une offre ! Remplissez le formulaire de r\u00e9servation groupe ci-dessous et renvoyez-le \u00e0 l&rsquo;adresse mail suivante : opendeparis@ffkarate.fr. Billets individuels Formulaire R\u00e9servation Groupe<\/p>\n","protected":false},"author":20,"featured_media":0,"comment_status":"closed","ping_status":"closed","sticky":false,"template":"","format":"standard","meta":{"footnotes":""},"categories":[1],"tags":[],"class_list":["post-3265","post","type-post","status-publish","format-standard","hentry","category-non-classe"],"_links":{"self":[{"href":"https:\/\/sites.ffkarate.fr\/yvelines78\/wp-json\/wp\/v2\/posts\/3265","targetHints":{"allow":["GET"]}}],"collection":[{"href":"https:\/\/sites.ffkarate.fr\/yvelines78\/wp-json\/wp\/v2\/posts"}],"about":[{"href":"https:\/\/sites.ffkarate.fr\/yvelines78\/wp-json\/wp\/v2\/types\/post"}],"author":[{"embeddable":true,"href":"https:\/\/sites.ffkarate.fr\/yvelines78\/wp-json\/wp\/v2\/users\/20"}],"replies":[{"embeddable":true,"href":"https:\/\/sites.ffkarate.fr\/yvelines78\/wp-json\/wp\/v2\/comments?post=3265"}],"version-history":[{"count":0,"href":"https:\/\/sites.ffkarate.fr\/yvelines78\/wp-json\/wp\/v2\/posts\/3265\/revisions"}],"wp:attachment":[{"href":"https:\/\/sites.ffkarate.fr\/yvelines78\/wp-json\/wp\/v2\/media?parent=3265"}],"wp:term":[{"taxonomy":"category","embeddable":true,"href":"https:\/\/sites.ffkarate.fr\/yvelines78\/wp-json\/wp\/v2\/categories?post=3265"},{"taxonomy":"post_tag","embeddable":true,"href":"https:\/\/sites.ffkarate.fr\/yvelines78\/wp-json\/wp\/v2\/tags?post=3265"}],"curies":[{"name":"wp","href":"https:\/\/api.w.org\/{rel}","templated":true}]}}