{"id":3276,"date":"2019-12-20T00:55:22","date_gmt":"2019-12-19T23:55:22","guid":{"rendered":"https:\/\/sites.ffkarate.fr\/yvelines78\/?post_type=news&amp;p=3276"},"modified":"2019-12-20T00:55:22","modified_gmt":"2019-12-19T23:55:22","slug":"coupe-de-france-karate-mixte","status":"publish","type":"post","link":"https:\/\/sites.ffkarate.fr\/yvelines78\/2019\/12\/20\/coupe-de-france-karate-mixte\/","title":{"rendered":"Coupe de France Karat\u00e9 Mixte"},"content":{"rendered":"<div class=\"wpb-content-wrapper\"><p>[vc_row][vc_column][vc_column_text]La Coupe de France Karate Mix s&rsquo;est d\u00e9roul\u00e9e \u00e0 Coubertin le 8 d\u00e9cembre dernier.<br \/>\nF\u00e9licitation au COG Gargenville s&#8217;empare de 3 premi\u00e8res places et d&rsquo;une seconde place de podiums.<br \/>\nF\u00e9licitation au Lam Son Poissy qui pour sa premi\u00e8re participation et la belle victoire\u00a0<span style=\"color: #000000\">Dimitri Koukpode en\u00a0Cat\u00e9gorie V\u00e9t\u00e9ran +92Kg.<br \/>\nF\u00e9licitation \u00e0\u00a0Dimitri Koukpode du club de Poissy !<\/span><\/p>\n<p>F\u00e9licitations \u00e0 A\u00efnas Nabil,\u00a0Pimpim Kim,\u00a0A\u00efnas Mohamed Ayoub et\u00a0Ounadjela Ilyes du club de Gargenville !<\/p>\n<p><!--more--><\/p>\n<p>Dimitri Koukpode\u00a0Cat\u00e9gorie V\u00e9t\u00e9ran +92Kg &#8211;\u00a0Lam Son Poissy<\/p>\n<div dir=\"ltr\"><a href=\"https:\/\/sites.ffkarate.fr\/yvelines78\/wp-content\/uploads\/sites\/9\/2019\/12\/LamsonPoissy-karateMix-.gif\"><img decoding=\"async\" class=\" size-full wp-image-3281 alignnone\" src=\"https:\/\/sites.ffkarate.fr\/yvelines78\/wp-content\/uploads\/sites\/9\/2019\/12\/LamsonPoissy-karateMix-.gif\" alt=\"LamsonPoissy-karateMix-\" width=\"700\" height=\"525\" \/><\/a><\/div>\n<div dir=\"ltr\"><\/div>\n<div dir=\"ltr\"><span style=\"color: #008080\">\u2022\u2022\u2022\u2022\u2022\u2022\u2022\u2022<\/span><\/div>\n<div dir=\"ltr\">COG Gargenville :<\/div>\n<div dir=\"ltr\">Photo1 : A\u00efnas Nabil 2e\u00a0karat\u00e9 mixte light junior -70 Kg<\/div>\n<div dir=\"ltr\">Photo2 : Pimpim Kim 1er\u00a0 karat\u00e9 mixte light junior -60 kg<\/div>\n<div dir=\"ltr\">Photo3 : A\u00efnas Mohamed Ayoub 1er karat\u00e9 mixte light cadet -50 kg<\/div>\n<div dir=\"ltr\">Photo4 : Ounadjela Ilyes\u00a0 1er karat\u00e9 mixte light junior -65 kg<\/div>\n<p><a href=\"https:\/\/sites.ffkarate.fr\/yvelines78\/wp-content\/uploads\/sites\/9\/2019\/12\/Coupe-France-Karate-Mix-2019-DB-39.jpg\"><img decoding=\"async\" class=\"  wp-image-3280 alignnone\" src=\"https:\/\/sites.ffkarate.fr\/yvelines78\/wp-content\/uploads\/sites\/9\/2019\/12\/Coupe-France-Karate-Mix-2019-DB-39.jpg\" alt=\"Coupe-France-Karate-Mix-2019-DB-39\" width=\"718\" height=\"478\" \/><\/a><a href=\"https:\/\/sites.ffkarate.fr\/yvelines78\/wp-content\/uploads\/sites\/9\/2019\/12\/Coupe-France-Karate-Mix-2019-DB-37.jpg\"><img decoding=\"async\" class=\"  wp-image-3278 alignnone\" src=\"https:\/\/sites.ffkarate.fr\/yvelines78\/wp-content\/uploads\/sites\/9\/2019\/12\/Coupe-France-Karate-Mix-2019-DB-37.jpg\" alt=\"Coupe-France-Karate-Mix-2019-DB-37\" width=\"719\" height=\"479\" \/><\/a><\/p>\n<p><a href=\"https:\/\/sites.ffkarate.fr\/yvelines78\/wp-content\/uploads\/sites\/9\/2019\/12\/Coupe-France-Karate-Mix-2019-DB-31.jpg\"><img decoding=\"async\" class=\"  wp-image-3277 alignnone\" src=\"https:\/\/sites.ffkarate.fr\/yvelines78\/wp-content\/uploads\/sites\/9\/2019\/12\/Coupe-France-Karate-Mix-2019-DB-31.jpg\" alt=\"Coupe-France-Karate-Mix-2019-DB-31\" width=\"720\" height=\"480\" \/><\/a><a href=\"https:\/\/sites.ffkarate.fr\/yvelines78\/wp-content\/uploads\/sites\/9\/2019\/12\/Coupe-France-Karate-Mix-2019-DB-38.jpg\"><img decoding=\"async\" class=\"  wp-image-3279 alignnone\" src=\"https:\/\/sites.ffkarate.fr\/yvelines78\/wp-content\/uploads\/sites\/9\/2019\/12\/Coupe-France-Karate-Mix-2019-DB-38.jpg\" alt=\"Coupe-France-Karate-Mix-2019-DB-38\" width=\"719\" height=\"479\" \/><\/a>[\/vc_column_text][\/vc_column][\/vc_row]<\/p>\n<\/div>","protected":false},"excerpt":{"rendered":"<p>[vc_row][vc_column][vc_column_text]La Coupe de France Karate Mix s&rsquo;est d\u00e9roul\u00e9e \u00e0 Coubertin le 8 d\u00e9cembre dernier. F\u00e9licitation au COG Gargenville s&#8217;empare de 3 premi\u00e8res places et d&rsquo;une seconde place de podiums. F\u00e9licitation au Lam Son Poissy qui pour sa premi\u00e8re participation et la belle victoire\u00a0Dimitri Koukpode en\u00a0Cat\u00e9gorie V\u00e9t\u00e9ran +92Kg. F\u00e9licitation \u00e0\u00a0Dimitri Koukpode du club de Poissy ! [&hellip;]<\/p>\n","protected":false},"author":20,"featured_media":0,"comment_status":"closed","ping_status":"closed","sticky":false,"template":"","format":"standard","meta":{"footnotes":""},"categories":[1],"tags":[],"class_list":["post-3276","post","type-post","status-publish","format-standard","hentry","category-non-classe"],"_links":{"self":[{"href":"https:\/\/sites.ffkarate.fr\/yvelines78\/wp-json\/wp\/v2\/posts\/3276","targetHints":{"allow":["GET"]}}],"collection":[{"href":"https:\/\/sites.ffkarate.fr\/yvelines78\/wp-json\/wp\/v2\/posts"}],"about":[{"href":"https:\/\/sites.ffkarate.fr\/yvelines78\/wp-json\/wp\/v2\/types\/post"}],"author":[{"embeddable":true,"href":"https:\/\/sites.ffkarate.fr\/yvelines78\/wp-json\/wp\/v2\/users\/20"}],"replies":[{"embeddable":true,"href":"https:\/\/sites.ffkarate.fr\/yvelines78\/wp-json\/wp\/v2\/comments?post=3276"}],"version-history":[{"count":0,"href":"https:\/\/sites.ffkarate.fr\/yvelines78\/wp-json\/wp\/v2\/posts\/3276\/revisions"}],"wp:attachment":[{"href":"https:\/\/sites.ffkarate.fr\/yvelines78\/wp-json\/wp\/v2\/media?parent=3276"}],"wp:term":[{"taxonomy":"category","embeddable":true,"href":"https:\/\/sites.ffkarate.fr\/yvelines78\/wp-json\/wp\/v2\/categories?post=3276"},{"taxonomy":"post_tag","embeddable":true,"href":"https:\/\/sites.ffkarate.fr\/yvelines78\/wp-json\/wp\/v2\/tags?post=3276"}],"curies":[{"name":"wp","href":"https:\/\/api.w.org\/{rel}","templated":true}]}}