{"id":3338,"date":"2020-02-04T00:39:39","date_gmt":"2020-02-03T23:39:39","guid":{"rendered":"https:\/\/sites.ffkarate.fr\/yvelines78\/?post_type=news&amp;p=3338"},"modified":"2020-02-04T00:39:39","modified_gmt":"2020-02-03T23:39:39","slug":"stage-journee-des-femmes","status":"publish","type":"post","link":"https:\/\/sites.ffkarate.fr\/yvelines78\/2020\/02\/04\/stage-journee-des-femmes\/","title":{"rendered":"STAGE JOURNEE DES FEMMES &#8211; IDF &#8211; V\u00c9RONIQUE MESNIL DE VIDO"},"content":{"rendered":"<div class=\"wpb-content-wrapper\"><p>[vc_row][vc_column][vc_column_text]Le dimanche 8 mars prochain, aura lieu un stage \u00ab\u00a0Journ\u00e9e des Femmes\u00a0\u00bb sous la direction de V\u00e9ronique Mesnil de Vido Experte F\u00e9d\u00e9rale Karat\u00e9 Do.<br \/>\nCe stage gratuit se d\u00e9roulera \u00e0 l&rsquo;Institut National du Judo, 21 avenue de la Porte de Chatillon 75014 Paris.<\/p>\n<p><!--more--><\/p>\n<p><em><a href=\"https:\/\/sites.ffkarate.fr\/yvelines78\/wp-content\/uploads\/sites\/106\/2020\/02\/Stage-Journee-des-femmes2020.jpeg\" target=\"_blank\" rel=\"noopener\">T\u00e9l\u00e9chargez l&rsquo;affiche<\/a><\/em>[\/vc_column_text][\/vc_column][\/vc_row]<\/p>\n<\/div>","protected":false},"excerpt":{"rendered":"<p>[vc_row][vc_column][vc_column_text]Le dimanche 8 mars prochain, aura lieu un stage \u00ab\u00a0Journ\u00e9e des Femmes\u00a0\u00bb sous la direction de V\u00e9ronique Mesnil de Vido Experte F\u00e9d\u00e9rale Karat\u00e9 Do. Ce stage gratuit se d\u00e9roulera \u00e0 l&rsquo;Institut National du Judo, 21 avenue de la Porte de Chatillon 75014 Paris.<\/p>\n","protected":false},"author":20,"featured_media":3339,"comment_status":"closed","ping_status":"closed","sticky":false,"template":"","format":"standard","meta":{"footnotes":""},"categories":[1],"tags":[],"class_list":["post-3338","post","type-post","status-publish","format-standard","hentry","category-non-classe"],"_links":{"self":[{"href":"https:\/\/sites.ffkarate.fr\/yvelines78\/wp-json\/wp\/v2\/posts\/3338","targetHints":{"allow":["GET"]}}],"collection":[{"href":"https:\/\/sites.ffkarate.fr\/yvelines78\/wp-json\/wp\/v2\/posts"}],"about":[{"href":"https:\/\/sites.ffkarate.fr\/yvelines78\/wp-json\/wp\/v2\/types\/post"}],"author":[{"embeddable":true,"href":"https:\/\/sites.ffkarate.fr\/yvelines78\/wp-json\/wp\/v2\/users\/20"}],"replies":[{"embeddable":true,"href":"https:\/\/sites.ffkarate.fr\/yvelines78\/wp-json\/wp\/v2\/comments?post=3338"}],"version-history":[{"count":0,"href":"https:\/\/sites.ffkarate.fr\/yvelines78\/wp-json\/wp\/v2\/posts\/3338\/revisions"}],"wp:featuredmedia":[{"embeddable":true,"href":"https:\/\/sites.ffkarate.fr\/yvelines78\/wp-json\/wp\/v2\/media\/3339"}],"wp:attachment":[{"href":"https:\/\/sites.ffkarate.fr\/yvelines78\/wp-json\/wp\/v2\/media?parent=3338"}],"wp:term":[{"taxonomy":"category","embeddable":true,"href":"https:\/\/sites.ffkarate.fr\/yvelines78\/wp-json\/wp\/v2\/categories?post=3338"},{"taxonomy":"post_tag","embeddable":true,"href":"https:\/\/sites.ffkarate.fr\/yvelines78\/wp-json\/wp\/v2\/tags?post=3338"}],"curies":[{"name":"wp","href":"https:\/\/api.w.org\/{rel}","templated":true}]}}