{"id":3453,"date":"2020-06-03T23:52:30","date_gmt":"2020-06-03T21:52:30","guid":{"rendered":"https:\/\/sites.ffkarate.fr\/yvelines78\/?post_type=news&amp;p=3453"},"modified":"2020-06-03T23:52:30","modified_gmt":"2020-06-03T21:52:30","slug":"communique-ffk","status":"publish","type":"post","link":"https:\/\/sites.ffkarate.fr\/yvelines78\/2020\/06\/03\/communique-ffk\/","title":{"rendered":"COMMUNIQU\u00c9 FFK"},"content":{"rendered":"<div class=\"wpb-content-wrapper\"><p>[vc_row][vc_column][vc_column_text]<u>Pour la zone orange, les r\u00e8gles en vigueur depuis le 11 mai restent d\u2019actualit\u00e9 jusqu\u2019au 22 juin :<\/u><\/p>\n<ul>\n<li>En <strong>ext\u00e9rieur uniquement, sans contact, en respectant la distanciation physique<\/strong> (4m2 par personne)<\/li>\n<li>En limitant les rassemblements \u00e0 <strong>10 personnes maximum<\/strong><\/li>\n<li>Sans utilisation de vestiaires<\/li>\n<li>Les pratiques autoris\u00e9es sont fond\u00e9es sur l\u2019<strong>absence de contact physique<\/strong> :\n<ul>\n<li>La <strong>remise en forme<\/strong><\/li>\n<li>Le <strong>travail technique<\/strong> (Kata, Kihon, Quyen, Ta\u00efchi, Taolu,\u2026)<\/li>\n<li>La r\u00e9alisation de \u00ab jeux \u00bb pour les plus jeunes<\/li>\n<\/ul>\n<\/li>\n<\/ul>\n<p><em><strong><a href=\"https:\/\/www.ffkarate.fr\/wp-content\/uploads\/2020\/05\/FICHE_REPRISE_vsite-2.pdf\" target=\"_blank\" rel=\"noopener\">T\u00e9l\u00e9chargez la fiche de reprise Zone Orange<\/a><\/strong><\/em>[\/vc_column_text][\/vc_column][\/vc_row]<\/p>\n<\/div>","protected":false},"excerpt":{"rendered":"<p>[vc_row][vc_column][vc_column_text]Pour la zone orange, les r\u00e8gles en vigueur depuis le 11 mai restent d\u2019actualit\u00e9 jusqu\u2019au 22 juin : En ext\u00e9rieur uniquement, sans contact, en respectant la distanciation physique (4m2 par personne) En limitant les rassemblements \u00e0 10 personnes maximum Sans utilisation de vestiaires Les pratiques autoris\u00e9es sont fond\u00e9es sur l\u2019absence de contact physique : La [&hellip;]<\/p>\n","protected":false},"author":20,"featured_media":0,"comment_status":"closed","ping_status":"closed","sticky":false,"template":"","format":"standard","meta":{"footnotes":""},"categories":[1],"tags":[],"class_list":["post-3453","post","type-post","status-publish","format-standard","hentry","category-non-classe"],"_links":{"self":[{"href":"https:\/\/sites.ffkarate.fr\/yvelines78\/wp-json\/wp\/v2\/posts\/3453","targetHints":{"allow":["GET"]}}],"collection":[{"href":"https:\/\/sites.ffkarate.fr\/yvelines78\/wp-json\/wp\/v2\/posts"}],"about":[{"href":"https:\/\/sites.ffkarate.fr\/yvelines78\/wp-json\/wp\/v2\/types\/post"}],"author":[{"embeddable":true,"href":"https:\/\/sites.ffkarate.fr\/yvelines78\/wp-json\/wp\/v2\/users\/20"}],"replies":[{"embeddable":true,"href":"https:\/\/sites.ffkarate.fr\/yvelines78\/wp-json\/wp\/v2\/comments?post=3453"}],"version-history":[{"count":0,"href":"https:\/\/sites.ffkarate.fr\/yvelines78\/wp-json\/wp\/v2\/posts\/3453\/revisions"}],"wp:attachment":[{"href":"https:\/\/sites.ffkarate.fr\/yvelines78\/wp-json\/wp\/v2\/media?parent=3453"}],"wp:term":[{"taxonomy":"category","embeddable":true,"href":"https:\/\/sites.ffkarate.fr\/yvelines78\/wp-json\/wp\/v2\/categories?post=3453"},{"taxonomy":"post_tag","embeddable":true,"href":"https:\/\/sites.ffkarate.fr\/yvelines78\/wp-json\/wp\/v2\/tags?post=3453"}],"curies":[{"name":"wp","href":"https:\/\/api.w.org\/{rel}","templated":true}]}}