{"id":3480,"date":"2020-08-25T03:12:05","date_gmt":"2020-08-25T01:12:05","guid":{"rendered":"https:\/\/sites.ffkarate.fr\/yvelines78\/?post_type=news&amp;p=3480"},"modified":"2020-08-25T03:12:05","modified_gmt":"2020-08-25T01:12:05","slug":"elections-comite-cdk-78-representants-des-clubs","status":"publish","type":"post","link":"https:\/\/sites.ffkarate.fr\/yvelines78\/2020\/08\/25\/elections-comite-cdk-78-representants-des-clubs\/","title":{"rendered":"ELECTIONS COMITE CDK 78 | REPRESENTANTS DES CLUBS"},"content":{"rendered":"<div class=\"wpb-content-wrapper\"><p>[vc_row][vc_column][vc_column_text]Les \u00e9lections se d\u00e9rouleront le Dimanche 30 AOUT 2020 \u00e0 13H30 \u00e0 la SALLE DES FETES DE MAULETTE \u2013 ROUTE DE GAMBAIS \u2013 78550 MAULETTE<\/p>\n<p>Vous trouverez ci-apr\u00e8s la liste des candidats aux \u00e9lections du comit\u00e9 CDK78 et aux repr\u00e9sentants des clubs aux AG FFK<\/p>\n<p>CANDIDATS AU COMIT\u00c9 DIRECTEUR<\/p>\n<p>M. ALPHONSE Jean-Claude &#8211;<\/p>\n<p>M. AMRI Mohammed &#8211;<\/p>\n<p>Mme BERQUEZ Florence &#8211;<\/p>\n<p>M. BERQUEZ Fabrice &#8211;<\/p>\n<p>Mme CHAMBI Val\u00e9rie &#8211;<\/p>\n<p>M. CHU Hoang-Lan &#8211;<\/p>\n<p>Mme CHU Eliane &#8211;<\/p>\n<p>M. CUDONNEC Patrick &#8211;<\/p>\n<p>Mme DA SILVA Julie &#8211;<\/p>\n<p>Mme de LIGNIERES Val\u00e9rie &#8211;<\/p>\n<p>Mme DUISIT C\u00e9line &#8211;<\/p>\n<p>M. FEREIRE Laurent &#8211;<\/p>\n<p>M. FUNEL G\u00e9rard &#8211;<\/p>\n<p>Mme FUNEL Kelly &#8211;<\/p>\n<p>M. GALIANA Alain &#8211;<\/p>\n<p>M. GOMBERT Jacques &#8211;<\/p>\n<p>M. JACQZ Thierry &#8211;<\/p>\n<p>M. LEDUC Jacques &#8211;<\/p>\n<p>Mme MAKINO Samia &#8211;<\/p>\n<p>M. MEYER S\u00e9bastien &#8211;<\/p>\n<p>M. NOVAIS Pascal &#8211;<\/p>\n<p>Mme PONTABRI Pierrette &#8211;<\/p>\n<p>M. PREVOST Bernard &#8211;<\/p>\n<p>Mme PREVOST Colette &#8211;<\/p>\n<p>M. PRUVOT Patrice &#8211;<\/p>\n<p>M. ROBERT S\u00e9bastien &#8211;<\/p>\n<p>Mme RONCIN Gwendoline &#8211;<\/p>\n<p>Mme SIGNAVONG Jacqueline &#8211;<\/p>\n<p>Mme TENOR Claire &#8211;<\/p>\n<p>Mme ZEMMOUR Dora &#8211;<\/p>\n<p>M. DA SILVA Patrick candidat aux Disciplines Associ\u00e9es<\/p>\n<p><span style=\"font-size: large\">CANDIDATS AUX REPR\u00c9SENTANTS DES CLUBS<\/span><\/p>\n<p><em>Le titulaire en premier<\/em><\/p>\n<p><span style=\"color: #000000\">ALPHONSE Jean-Claude &#8211; \u00a0NOVAIS Pascal &#8211;<\/span><\/p>\n<p><span style=\"color: #000000;font-family: 'Times New Roman';font-size: medium\"><span style=\"color: #000000\"><span style=\"font-family: Calibri\">\u00a0<\/span>AMRI Mohamed &#8211; CHOUQUAIS C\u00e9cile &#8211;<\/span><\/span><\/p>\n<p><span style=\"color: #000000;font-family: 'Times New Roman';font-size: medium\"><span style=\"color: #000000\">BLANCKART Jo\u00ebl &#8211; BLANCKART Barbara &#8211;<\/span><\/span><\/p>\n<p><span style=\"color: #000000;font-family: 'Times New Roman';font-size: medium\"><span style=\"color: #000000\">\u00a0BERQUEZ Fabrice &#8211; BERQUEZ Florence &#8211;<\/span><\/span><\/p>\n<p><span style=\"color: #000000;font-family: 'Times New Roman';font-size: medium\"><span style=\"color: #000000\">CHAMBI Val\u00e9rie &#8211; GALIANA Sylvie &#8211;<\/span><\/span><\/p>\n<p><span style=\"color: #000000;font-family: 'Times New Roman';font-size: medium\"><span style=\"color: #000000\">CHU Antoine \u2013 CHU Eliane &#8211;<\/span><\/span><\/p>\n<p><span style=\"color: #000000;font-family: 'Times New Roman';font-size: medium\"><span lang=\"DE\"><span style=\"color: #000000\">DA SILVA Patrick \u2013 DA SILVA Julie &#8211;<\/span><\/span><\/span><\/p>\n<p><span style=\"color: #000000;font-family: 'Times New Roman';font-size: medium\"><span style=\"color: #000000\">FABRE Marcel \u2013 DIANA St\u00e9phane &#8211;<\/span><\/span><\/p>\n<p><span style=\"color: #000000;font-family: 'Times New Roman';font-size: medium\"><span style=\"color: #000000\">GALIANA Alain \u2013 CHAMBI Jerry &#8211;<\/span><\/span><\/p>\n<p><span style=\"color: #000000;font-family: 'Times New Roman';font-size: medium\"><span style=\"color: #000000\">\u00a0GOMBERT Jacques \u2013 GUILLEMIN Georges &#8211;<\/span><\/span><\/p>\n<p><span style=\"color: #000000;font-family: 'Times New Roman';font-size: medium\"><span style=\"color: #000000\">\u00a0JACQZ Thierry \u2013 VU Viet Anh-Van &#8211;<\/span><\/span><\/p>\n<p><span style=\"color: #000000;font-family: 'Times New Roman';font-size: medium\"><span style=\"color: #000000\">\u00a0LEDUC Jacques \u2013 TENOR Claire &#8211;<\/span><\/span><\/p>\n<p><span style=\"color: #000000;font-family: 'Times New Roman';font-size: medium\"><span style=\"color: #000000\">MAKINO Samia \u2013 MAKINO Gyslain &#8211;<\/span><\/span><\/p>\n<p><span style=\"color: #000000;font-family: 'Times New Roman';font-size: medium\"><span style=\"color: #000000\">PONTABRI Pierrette \u2013 MEYER S\u00e9bastien &#8211;<\/span><\/span><\/p>\n<p><span style=\"color: #000000;font-family: 'Times New Roman';font-size: medium\"><span style=\"color: #000000\">ROBERT S\u00e9bastien \u2013 ZAOUITI Taoufik &#8211;<\/span><\/span><\/p>\n<p><span style=\"color: #000000;font-family: 'Times New Roman';font-size: medium\"><span style=\"color: #000000\">SIGNAVONG Jacqueline \u2013 SIGNAVONG Jo\u00ebl &#8211;<\/span><\/span><\/p>\n<p><!--more--><\/p>\n<p>\u2022\u2022\u2022\u2022<\/p>\n<p><strong><a style=\"font-style: italic\" href=\"https:\/\/sites.ffkarate.fr\/yvelines78\/wp-content\/uploads\/sites\/106\/2020\/08\/convocation-AG-E-30082020-presidents-CDK78.pdf\" target=\"_blank\" rel=\"noopener\">T\u00e9l\u00e9chargez la\u00a0<\/a><span style=\"color: #0000ee\"><i><u>convocation des pr\u00e9sidents<\/u><\/i><\/span><i>\u00a0<\/i><\/strong><\/p>\n<p><em><strong><a href=\"https:\/\/sites.ffkarate.fr\/yvelines78\/wp-content\/uploads\/sites\/106\/2020\/08\/Mandat-Assemblee-Generale-2020.pdf\" target=\"_blank\" rel=\"noopener\">T\u00e9l\u00e9chargez le mandat<\/a>\u00a0<\/strong><\/em><\/p>\n<p>&nbsp;<\/p>\n<p>&nbsp;[\/vc_column_text][\/vc_column][\/vc_row]<\/p>\n<\/div>","protected":false},"excerpt":{"rendered":"<p>[vc_row][vc_column][vc_column_text]Les \u00e9lections se d\u00e9rouleront le Dimanche 30 AOUT 2020 \u00e0 13H30 \u00e0 la SALLE DES FETES DE MAULETTE \u2013 ROUTE DE GAMBAIS \u2013 78550 MAULETTE Vous trouverez ci-apr\u00e8s la liste des candidats aux \u00e9lections du comit\u00e9 CDK78 et aux repr\u00e9sentants des clubs aux AG FFK CANDIDATS AU COMIT\u00c9 DIRECTEUR M. ALPHONSE Jean-Claude &#8211; M. AMRI [&hellip;]<\/p>\n","protected":false},"author":20,"featured_media":0,"comment_status":"closed","ping_status":"closed","sticky":false,"template":"","format":"standard","meta":{"footnotes":""},"categories":[1],"tags":[],"class_list":["post-3480","post","type-post","status-publish","format-standard","hentry","category-non-classe"],"_links":{"self":[{"href":"https:\/\/sites.ffkarate.fr\/yvelines78\/wp-json\/wp\/v2\/posts\/3480","targetHints":{"allow":["GET"]}}],"collection":[{"href":"https:\/\/sites.ffkarate.fr\/yvelines78\/wp-json\/wp\/v2\/posts"}],"about":[{"href":"https:\/\/sites.ffkarate.fr\/yvelines78\/wp-json\/wp\/v2\/types\/post"}],"author":[{"embeddable":true,"href":"https:\/\/sites.ffkarate.fr\/yvelines78\/wp-json\/wp\/v2\/users\/20"}],"replies":[{"embeddable":true,"href":"https:\/\/sites.ffkarate.fr\/yvelines78\/wp-json\/wp\/v2\/comments?post=3480"}],"version-history":[{"count":0,"href":"https:\/\/sites.ffkarate.fr\/yvelines78\/wp-json\/wp\/v2\/posts\/3480\/revisions"}],"wp:attachment":[{"href":"https:\/\/sites.ffkarate.fr\/yvelines78\/wp-json\/wp\/v2\/media?parent=3480"}],"wp:term":[{"taxonomy":"category","embeddable":true,"href":"https:\/\/sites.ffkarate.fr\/yvelines78\/wp-json\/wp\/v2\/categories?post=3480"},{"taxonomy":"post_tag","embeddable":true,"href":"https:\/\/sites.ffkarate.fr\/yvelines78\/wp-json\/wp\/v2\/tags?post=3480"}],"curies":[{"name":"wp","href":"https:\/\/api.w.org\/{rel}","templated":true}]}}