{"id":4139,"date":"2021-04-24T12:44:02","date_gmt":"2021-04-24T10:44:02","guid":{"rendered":"https:\/\/sites.ffkarate.fr\/yvelines78\/?post_type=news&#038;p=4139"},"modified":"2021-05-24T14:59:18","modified_gmt":"2021-05-24T12:59:18","slug":"stage-arbitrage-24-avril-2021","status":"publish","type":"post","link":"https:\/\/sites.ffkarate.fr\/yvelines78\/2021\/04\/24\/stage-arbitrage-24-avril-2021\/","title":{"rendered":"STAGE ARBITRAGE 24 AVRIL 2021"},"content":{"rendered":"<div class=\"wpb-content-wrapper\"><p>[vc_row][vc_column][vc_column_text]<\/p>\n<div class=\"\">\n<p class=\"_1mf _1mj\">La commission d\u2019arbitrage du <strong>CDK78<\/strong> a organis\u00e9 un stage d\u2019arbitrage en live via Zoom, en collaboration avec les d\u00e9partements de Paris (75) et des Hauts de Seine (92), le samedi 24 avril 2021.<\/p>\n<\/div>\n<p class=\"_1mf _1mj\">Le responsable de l\u2019arbitrage sur notre d\u00e9partement \u2013 <strong>Youcef MEZAHEM<\/strong> \u2013 ainsi que son adjointe \u2013 <strong>Arezou NASSER<\/strong>I \u2013 ont anim\u00e9 ce stage pour le d\u00e9partement des Yvelines<\/p>\n<div class=\"\">\n<p class=\"_1mf _1mj\">Les trois responsables de l\u2019arbitrage (<strong>Mohammed DAOUD<\/strong> pour le 92 et <strong>Nacer BOUHALI<\/strong> pour le 75) ainsi que leur adjoint des trois d\u00e9partements ont d\u00e9j\u00e0 programm\u00e9 3 r\u00e9unions en ligne cette saison avant ce stage.<\/p>\n<\/div>\n<p><!--more--><\/p>\n<div class=\"\">\n<div class=\"_1mf _1mj\">Programme de ce stage :<\/div>\n<\/div>\n<div class=\"\">\n<div class=\"_1mf _1mj\" style=\"padding-left: 60px\"><em>9h00 : Connexion des stagiaires, introduction et prise de parole des responsables des 3 d\u00e9partements, pr\u00e9sentation des commissions et programmes du stage.<\/em><\/div>\n<\/div>\n<div class=\"\" style=\"padding-left: 30px\">\n<div class=\"_1mf _1mj\" style=\"padding-left: 30px\"><em>9h15 : Correction du tableau de rep\u00eachage (exercice d\u00e9j\u00e0 r\u00e9alis\u00e9 par les participants avant le stage)<\/em><\/div>\n<\/div>\n<div class=\"\" style=\"padding-left: 30px\">\n<div class=\"_1mf _1mj\" style=\"padding-left: 30px\"><em>9h40 : Correction exercice administratif des \u00e9quipes (exercice d\u00e9j\u00e0 r\u00e9alis\u00e9 par les participants avant le stage)<\/em><\/div>\n<\/div>\n<div class=\"\" style=\"padding-left: 30px\">\n<div class=\"_1mf _1mj\" style=\"padding-left: 30px\"><em>10h15 : Correction des exercices Kata et analyse des vid\u00e9os KATA (les vid\u00e9os avaient transmises avant le stage)<\/em><\/div>\n<\/div>\n<div class=\"\" style=\"padding-left: 30px\">\n<div class=\"_1mf _1mj\" style=\"padding-left: 30px\"><em>10h50 : Analyse vid\u00e9o combat (les vid\u00e9os avaient transmises avant le stage)<\/em><\/div>\n<\/div>\n<div class=\"\" style=\"padding-left: 30px\">\n<div class=\"_1mf _1mj\" style=\"padding-left: 30px\"><em>12h 00 : Questions diverses<\/em><\/div>\n<\/div>\n<div class=\"\" style=\"padding-left: 30px\">\n<div class=\"_1mf _1mj\" style=\"padding-left: 30px\"><em>12h30 : Fin du stage (d\u00e9connexion des stagiaires, \u00e9l\u00e8ves de l\u2019\u00e9cole des cadres et des arbitres)<\/em><\/div>\n<\/div>\n<div class=\"\" style=\"padding-left: 30px\">\n<div class=\"_1mf _1mj\" style=\"padding-left: 30px\"><em>12h35 : D\u00e9briefing des responsables et adjoints des 3 d\u00e9partements.<\/em><\/div>\n<\/div>\n<div class=\"\"><\/div>\n<div class=\"\">\n<div class=\"_1mf _1mj\">A la suite de ce stage, un d\u00e9briefing par message a \u00e9t\u00e9 r\u00e9alis\u00e9 et 100 % ont appr\u00e9ci\u00e9 le d\u00e9roulement et le contenu du stage.<\/div>\n<div class=\"_1mf _1mj\">55 arbitres ont r\u00e9pondu pr\u00e9sent \u00e0 ce stage dont 16 arbitres du d\u00e9partement des Yvelines !!<\/div>\n<\/div>\n<div class=\"\"><\/div>\n<div class=\"\">\n<div class=\"_1mf _1mj\">Le <strong>CDK 78<\/strong> remercie une nouvelle fois son responsable de l\u2019arbitrage sur le d\u00e9partement \u2013 <strong>Youcef MEZAHEM<\/strong> \u2013 ainsi que son adjointe \u2013 <strong>Arezou NASSERI<\/strong> \u2013 pour leur d\u00e9vouement et leur motivation. Il est important de garder un lien avec les arbitres afin qu\u2019ils soient comp\u00e9titifs d\u00e8s la reprise des \u00e9v\u00e8nements.<\/div>\n<div class=\"_1mf _1mj\"><\/div>\n<\/div>\n<div class=\"_1mf _1mj\" style=\"text-align: center\"><a href=\"https:\/\/sites.ffkarate.fr\/yvelines78\/wp-content\/uploads\/sites\/106\/2021\/04\/Stage-CDK-78.jpeg\"><img decoding=\"async\" class=\"wp-image-4135 aligncenter\" src=\"https:\/\/sites.ffkarate.fr\/yvelines78\/wp-content\/uploads\/sites\/106\/2021\/04\/Stage-CDK-78-300x146.jpeg\" alt=\"Stage CDK 78\" width=\"463\" height=\"226\" \/><\/a><\/div>\n<div><\/div>\n<div class=\"_1mf _1mj\"><a href=\"https:\/\/sites.ffkarate.fr\/yvelines78\/wp-content\/uploads\/sites\/106\/2021\/04\/2021-04-24_10h05_55.png\"><img decoding=\"async\" class=\"wp-image-4136 aligncenter\" src=\"https:\/\/sites.ffkarate.fr\/yvelines78\/wp-content\/uploads\/sites\/106\/2021\/04\/2021-04-24_10h05_55-300x192.png\" alt=\"2021-04-24_10h05_55\" width=\"462\" height=\"295\" \/><\/a><\/div>\n<div><\/div>\n<div><\/div>\n<div class=\"_1mf _1mj\"><a href=\"https:\/\/sites.ffkarate.fr\/yvelines78\/wp-content\/uploads\/sites\/106\/2021\/04\/Image1.png\"><img decoding=\"async\" class=\"wp-image-4138 aligncenter\" src=\"https:\/\/sites.ffkarate.fr\/yvelines78\/wp-content\/uploads\/sites\/106\/2021\/04\/Image1-300x186.png\" alt=\"Image1\" width=\"463\" height=\"288\" \/><\/a><\/div>\n<div><\/div>\n<div><\/div>\n<div class=\"_1mf _1mj\"><a href=\"https:\/\/sites.ffkarate.fr\/yvelines78\/wp-content\/uploads\/sites\/106\/2021\/04\/Image2.png\"><img decoding=\"async\" class=\"wp-image-4137 aligncenter\" src=\"https:\/\/sites.ffkarate.fr\/yvelines78\/wp-content\/uploads\/sites\/106\/2021\/04\/Image2-300x184.png\" alt=\"Image2\" width=\"463\" height=\"285\" \/><\/a><\/div>\n<div class=\"\"><\/div>\n<p>[\/vc_column_text][\/vc_column][\/vc_row]<\/p>\n<\/div>","protected":false},"excerpt":{"rendered":"<p>[vc_row][vc_column][vc_column_text] La commission d\u2019arbitrage du CDK78 a organis\u00e9 un stage d\u2019arbitrage en live via Zoom, en collaboration avec les d\u00e9partements de Paris (75) et des Hauts de Seine (92), le samedi 24 avril 2021. Le responsable de l\u2019arbitrage sur notre d\u00e9partement \u2013 Youcef MEZAHEM \u2013 ainsi que son adjointe \u2013 Arezou NASSERI \u2013 ont anim\u00e9 [&hellip;]<\/p>\n","protected":false},"author":28,"featured_media":4135,"comment_status":"closed","ping_status":"closed","sticky":false,"template":"","format":"standard","meta":{"footnotes":""},"categories":[80],"tags":[],"class_list":["post-4139","post","type-post","status-publish","format-standard","hentry","category-cdk78"],"_links":{"self":[{"href":"https:\/\/sites.ffkarate.fr\/yvelines78\/wp-json\/wp\/v2\/posts\/4139","targetHints":{"allow":["GET"]}}],"collection":[{"href":"https:\/\/sites.ffkarate.fr\/yvelines78\/wp-json\/wp\/v2\/posts"}],"about":[{"href":"https:\/\/sites.ffkarate.fr\/yvelines78\/wp-json\/wp\/v2\/types\/post"}],"author":[{"embeddable":true,"href":"https:\/\/sites.ffkarate.fr\/yvelines78\/wp-json\/wp\/v2\/users\/28"}],"replies":[{"embeddable":true,"href":"https:\/\/sites.ffkarate.fr\/yvelines78\/wp-json\/wp\/v2\/comments?post=4139"}],"version-history":[{"count":5,"href":"https:\/\/sites.ffkarate.fr\/yvelines78\/wp-json\/wp\/v2\/posts\/4139\/revisions"}],"predecessor-version":[{"id":4349,"href":"https:\/\/sites.ffkarate.fr\/yvelines78\/wp-json\/wp\/v2\/posts\/4139\/revisions\/4349"}],"wp:featuredmedia":[{"embeddable":true,"href":"https:\/\/sites.ffkarate.fr\/yvelines78\/wp-json\/wp\/v2\/media\/4135"}],"wp:attachment":[{"href":"https:\/\/sites.ffkarate.fr\/yvelines78\/wp-json\/wp\/v2\/media?parent=4139"}],"wp:term":[{"taxonomy":"category","embeddable":true,"href":"https:\/\/sites.ffkarate.fr\/yvelines78\/wp-json\/wp\/v2\/categories?post=4139"},{"taxonomy":"post_tag","embeddable":true,"href":"https:\/\/sites.ffkarate.fr\/yvelines78\/wp-json\/wp\/v2\/tags?post=4139"}],"curies":[{"name":"wp","href":"https:\/\/api.w.org\/{rel}","templated":true}]}}