{"id":4758,"date":"2021-08-26T11:57:13","date_gmt":"2021-08-26T09:57:13","guid":{"rendered":"https:\/\/sites.ffkarate.fr\/yvelines78\/?p=4758"},"modified":"2021-09-03T20:22:37","modified_gmt":"2021-09-03T18:22:37","slug":"le-pass-sanitaire-dans-le-sport","status":"publish","type":"post","link":"https:\/\/sites.ffkarate.fr\/yvelines78\/2021\/08\/26\/le-pass-sanitaire-dans-le-sport\/","title":{"rendered":"Le Pass Sanitaire dans le sport"},"content":{"rendered":"<div class=\"wpb-content-wrapper\"><p>[vc_row][vc_column][vc_column_text]<strong>Depuis le le lundi 8 ao\u00fbt, une nouvelle phase s\u2019est ouverte dans l\u2019accompagnement de la pratique sportive de nos licenci\u00e9s avec la n\u00e9cessit\u00e9 de pr\u00e9senter le Pass Sanitaire dans certaines conditions.<\/strong><\/p>\n<p>Vous retrouverez les derni\u00e8res pr\u00e9cisions apport\u00e9es par le Minist\u00e8re des Sports\u00a0 dans les tableaux :<\/p>\n<p><img decoding=\"async\" class=\"wp-image-4764 aligncenter\" src=\"https:\/\/sites.ffkarate.fr\/yvelines78\/wp-content\/uploads\/sites\/106\/2021\/08\/TableauSanitaire9aout21-300x212.jpeg\" alt=\"\" width=\"663\" height=\"469\" srcset=\"https:\/\/sites.ffkarate.fr\/yvelines78\/wp-content\/uploads\/sites\/106\/2021\/08\/TableauSanitaire9aout21-300x212.jpeg 300w, https:\/\/sites.ffkarate.fr\/yvelines78\/wp-content\/uploads\/sites\/106\/2021\/08\/TableauSanitaire9aout21-1024x724.jpeg 1024w, https:\/\/sites.ffkarate.fr\/yvelines78\/wp-content\/uploads\/sites\/106\/2021\/08\/TableauSanitaire9aout21-768x543.jpeg 768w, https:\/\/sites.ffkarate.fr\/yvelines78\/wp-content\/uploads\/sites\/106\/2021\/08\/TableauSanitaire9aout21-1536x1086.jpeg 1536w, https:\/\/sites.ffkarate.fr\/yvelines78\/wp-content\/uploads\/sites\/106\/2021\/08\/TableauSanitaire9aout21.jpeg 1754w\" sizes=\"(max-width: 663px) 100vw, 663px\" \/><\/p>\n<p><img decoding=\"async\" class=\"wp-image-4765 aligncenter\" src=\"https:\/\/sites.ffkarate.fr\/yvelines78\/wp-content\/uploads\/sites\/106\/2021\/08\/TableauSanitaire9aout212-300x212.jpeg\" alt=\"\" width=\"664\" height=\"469\" srcset=\"https:\/\/sites.ffkarate.fr\/yvelines78\/wp-content\/uploads\/sites\/106\/2021\/08\/TableauSanitaire9aout212-300x212.jpeg 300w, https:\/\/sites.ffkarate.fr\/yvelines78\/wp-content\/uploads\/sites\/106\/2021\/08\/TableauSanitaire9aout212-1024x724.jpeg 1024w, https:\/\/sites.ffkarate.fr\/yvelines78\/wp-content\/uploads\/sites\/106\/2021\/08\/TableauSanitaire9aout212-768x543.jpeg 768w, https:\/\/sites.ffkarate.fr\/yvelines78\/wp-content\/uploads\/sites\/106\/2021\/08\/TableauSanitaire9aout212-1536x1086.jpeg 1536w, https:\/\/sites.ffkarate.fr\/yvelines78\/wp-content\/uploads\/sites\/106\/2021\/08\/TableauSanitaire9aout212.jpeg 1754w\" sizes=\"(max-width: 664px) 100vw, 664px\" \/><\/p>\n<p><img decoding=\"async\" class=\"wp-image-4766 aligncenter\" src=\"https:\/\/sites.ffkarate.fr\/yvelines78\/wp-content\/uploads\/sites\/106\/2021\/08\/TableauSanitaire9aout213-300x212.jpeg\" alt=\"\" width=\"670\" height=\"473\" srcset=\"https:\/\/sites.ffkarate.fr\/yvelines78\/wp-content\/uploads\/sites\/106\/2021\/08\/TableauSanitaire9aout213-300x212.jpeg 300w, https:\/\/sites.ffkarate.fr\/yvelines78\/wp-content\/uploads\/sites\/106\/2021\/08\/TableauSanitaire9aout213-1024x724.jpeg 1024w, https:\/\/sites.ffkarate.fr\/yvelines78\/wp-content\/uploads\/sites\/106\/2021\/08\/TableauSanitaire9aout213-768x543.jpeg 768w, https:\/\/sites.ffkarate.fr\/yvelines78\/wp-content\/uploads\/sites\/106\/2021\/08\/TableauSanitaire9aout213-1536x1086.jpeg 1536w, https:\/\/sites.ffkarate.fr\/yvelines78\/wp-content\/uploads\/sites\/106\/2021\/08\/TableauSanitaire9aout213.jpeg 1754w\" sizes=\"(max-width: 670px) 100vw, 670px\" \/>[\/vc_column_text][\/vc_column][\/vc_row]<\/p>\n<\/div>","protected":false},"excerpt":{"rendered":"<p>[vc_row][vc_column][vc_column_text]Depuis le le lundi 8 ao\u00fbt, une nouvelle phase s\u2019est ouverte dans l\u2019accompagnement de la pratique sportive de nos licenci\u00e9s avec la n\u00e9cessit\u00e9 de pr\u00e9senter le Pass Sanitaire dans certaines conditions. Vous retrouverez les derni\u00e8res pr\u00e9cisions apport\u00e9es par le Minist\u00e8re des Sports\u00a0 dans les tableaux : [\/vc_column_text][\/vc_column][\/vc_row]<\/p>\n","protected":false},"author":28,"featured_media":4763,"comment_status":"closed","ping_status":"closed","sticky":false,"template":"","format":"standard","meta":{"footnotes":""},"categories":[5],"tags":[],"class_list":["post-4758","post","type-post","status-publish","format-standard","hentry","category-actualites"],"_links":{"self":[{"href":"https:\/\/sites.ffkarate.fr\/yvelines78\/wp-json\/wp\/v2\/posts\/4758","targetHints":{"allow":["GET"]}}],"collection":[{"href":"https:\/\/sites.ffkarate.fr\/yvelines78\/wp-json\/wp\/v2\/posts"}],"about":[{"href":"https:\/\/sites.ffkarate.fr\/yvelines78\/wp-json\/wp\/v2\/types\/post"}],"author":[{"embeddable":true,"href":"https:\/\/sites.ffkarate.fr\/yvelines78\/wp-json\/wp\/v2\/users\/28"}],"replies":[{"embeddable":true,"href":"https:\/\/sites.ffkarate.fr\/yvelines78\/wp-json\/wp\/v2\/comments?post=4758"}],"version-history":[{"count":7,"href":"https:\/\/sites.ffkarate.fr\/yvelines78\/wp-json\/wp\/v2\/posts\/4758\/revisions"}],"predecessor-version":[{"id":4770,"href":"https:\/\/sites.ffkarate.fr\/yvelines78\/wp-json\/wp\/v2\/posts\/4758\/revisions\/4770"}],"wp:featuredmedia":[{"embeddable":true,"href":"https:\/\/sites.ffkarate.fr\/yvelines78\/wp-json\/wp\/v2\/media\/4763"}],"wp:attachment":[{"href":"https:\/\/sites.ffkarate.fr\/yvelines78\/wp-json\/wp\/v2\/media?parent=4758"}],"wp:term":[{"taxonomy":"category","embeddable":true,"href":"https:\/\/sites.ffkarate.fr\/yvelines78\/wp-json\/wp\/v2\/categories?post=4758"},{"taxonomy":"post_tag","embeddable":true,"href":"https:\/\/sites.ffkarate.fr\/yvelines78\/wp-json\/wp\/v2\/tags?post=4758"}],"curies":[{"name":"wp","href":"https:\/\/api.w.org\/{rel}","templated":true}]}}