{"id":5463,"date":"2022-02-21T14:35:18","date_gmt":"2022-02-21T13:35:18","guid":{"rendered":"https:\/\/sites.ffkarate.fr\/yvelines78\/?p=5463"},"modified":"2022-02-21T14:37:52","modified_gmt":"2022-02-21T13:37:52","slug":"informations-qualifications-championnat-idf-kata-et-combat","status":"publish","type":"post","link":"https:\/\/sites.ffkarate.fr\/yvelines78\/2022\/02\/21\/informations-qualifications-championnat-idf-kata-et-combat\/","title":{"rendered":"INFORMATIONS QUALIFICATIONS CHAMPIONNATS IDF KATA ET COMBAT"},"content":{"rendered":"<div class=\"wpb-content-wrapper\"><p>[vc_row][vc_column][vc_column_text]Mesdames, Messieurs les pr\u00e9sidents (es), professeurs,<\/p>\n<p>je vous informe que tous les comp\u00e9titeurs minimes, cadets, juniors et s\u00e9niors individuels qualifi\u00e9s \u00e0 l&rsquo;issue des Championnats des Yvelines Kata et combat sont inscrits aux championnats IDF kata et combat. Vos clubs \u00e9tant exon\u00e9r\u00e9s des droits d&rsquo;inscription, vous n&rsquo;avez aucune validation \u00e0 faire sur la plateforme comp\u00e9tition FFK.<\/p>\n<p>Bien cordialement.<br \/>\nALAIN GALIANA[\/vc_column_text][\/vc_column][\/vc_row][vc_row][vc_column][vc_column_text]<\/p>\n<h4><span style=\"color: #0000ff\">LISTES DES COMPETITEURS QUALIFIES AUX CHAMPIONNATS IDF KATA ET COMBAT<\/span><\/h4>\n<p>[\/vc_column_text][\/vc_column][\/vc_row][vc_row][vc_column][ffk_button color=\u00a0\u00bbprimary\u00a0\u00bb link=\u00a0\u00bburl:https%3A%2F%2Fsites.ffkarate.fr%2Fyvelines78%2Fwp-content%2Fuploads%2Fsites%2F106%2F2022%2F02%2FCDK78-LISTE-DES-QUALIFIES-CHT-IDF-COMBAT-27-02-2022.pdf|title:LISTE%20DES%20QUALIFIES%20CHT%20IDF%20COMBAT%2027-02-2022|target:_blank\u00a0\u00bb][\/vc_column][\/vc_row][vc_row][vc_column][ffk_button color=\u00a0\u00bbprimary\u00a0\u00bb link=\u00a0\u00bburl:https%3A%2F%2Fsites.ffkarate.fr%2Fyvelines78%2Fwp-content%2Fuploads%2Fsites%2F106%2F2022%2F02%2FCDK78-LISTE-DES-QUALIFIES-CHT-IDF-KATA-13-03-22.pdf|title:LISTE%20DES%20COMPETITEURS%20QUALIFIES%20CHT%20IDF%20KATA-13-03-22|target:_blank\u00a0\u00bb][\/vc_column][\/vc_row]<\/p>\n<\/div>","protected":false},"excerpt":{"rendered":"<p>[vc_row][vc_column][vc_column_text]Mesdames, Messieurs les pr\u00e9sidents (es), professeurs, je vous informe que tous les comp\u00e9titeurs minimes, cadets, juniors et s\u00e9niors individuels qualifi\u00e9s \u00e0 l&rsquo;issue des Championnats des Yvelines Kata et combat sont inscrits aux championnats IDF kata et combat. Vos clubs \u00e9tant exon\u00e9r\u00e9s des droits d&rsquo;inscription, vous n&rsquo;avez aucune validation \u00e0 faire sur la plateforme comp\u00e9tition FFK. [&hellip;]<\/p>\n","protected":false},"author":28,"featured_media":5087,"comment_status":"closed","ping_status":"closed","sticky":false,"template":"","format":"standard","meta":{"footnotes":""},"categories":[5],"tags":[],"class_list":["post-5463","post","type-post","status-publish","format-standard","hentry","category-actualites"],"_links":{"self":[{"href":"https:\/\/sites.ffkarate.fr\/yvelines78\/wp-json\/wp\/v2\/posts\/5463","targetHints":{"allow":["GET"]}}],"collection":[{"href":"https:\/\/sites.ffkarate.fr\/yvelines78\/wp-json\/wp\/v2\/posts"}],"about":[{"href":"https:\/\/sites.ffkarate.fr\/yvelines78\/wp-json\/wp\/v2\/types\/post"}],"author":[{"embeddable":true,"href":"https:\/\/sites.ffkarate.fr\/yvelines78\/wp-json\/wp\/v2\/users\/28"}],"replies":[{"embeddable":true,"href":"https:\/\/sites.ffkarate.fr\/yvelines78\/wp-json\/wp\/v2\/comments?post=5463"}],"version-history":[{"count":8,"href":"https:\/\/sites.ffkarate.fr\/yvelines78\/wp-json\/wp\/v2\/posts\/5463\/revisions"}],"predecessor-version":[{"id":5471,"href":"https:\/\/sites.ffkarate.fr\/yvelines78\/wp-json\/wp\/v2\/posts\/5463\/revisions\/5471"}],"wp:featuredmedia":[{"embeddable":true,"href":"https:\/\/sites.ffkarate.fr\/yvelines78\/wp-json\/wp\/v2\/media\/5087"}],"wp:attachment":[{"href":"https:\/\/sites.ffkarate.fr\/yvelines78\/wp-json\/wp\/v2\/media?parent=5463"}],"wp:term":[{"taxonomy":"category","embeddable":true,"href":"https:\/\/sites.ffkarate.fr\/yvelines78\/wp-json\/wp\/v2\/categories?post=5463"},{"taxonomy":"post_tag","embeddable":true,"href":"https:\/\/sites.ffkarate.fr\/yvelines78\/wp-json\/wp\/v2\/tags?post=5463"}],"curies":[{"name":"wp","href":"https:\/\/api.w.org\/{rel}","templated":true}]}}