{"id":5721,"date":"2022-05-25T11:39:38","date_gmt":"2022-05-25T09:39:38","guid":{"rendered":"https:\/\/sites.ffkarate.fr\/yvelines78\/?p=5721"},"modified":"2022-05-25T11:39:38","modified_gmt":"2022-05-25T09:39:38","slug":"stage-des-experts-dokinawa","status":"publish","type":"post","link":"https:\/\/sites.ffkarate.fr\/yvelines78\/2022\/05\/25\/stage-des-experts-dokinawa\/","title":{"rendered":"STAGE DES EXPERTS D&rsquo;OKINAWA"},"content":{"rendered":"<div><img decoding=\"async\" class=\"alignnone  wp-image-5722\" src=\"https:\/\/sites.ffkarate.fr\/yvelines78\/wp-content\/uploads\/sites\/106\/2022\/05\/EXPERTS-OKINAWA-SEMINARS-212x300.png\" alt=\"\" width=\"329\" height=\"465\" srcset=\"https:\/\/sites.ffkarate.fr\/yvelines78\/wp-content\/uploads\/sites\/106\/2022\/05\/EXPERTS-OKINAWA-SEMINARS-212x300.png 212w, https:\/\/sites.ffkarate.fr\/yvelines78\/wp-content\/uploads\/sites\/106\/2022\/05\/EXPERTS-OKINAWA-SEMINARS-724x1024.png 724w, https:\/\/sites.ffkarate.fr\/yvelines78\/wp-content\/uploads\/sites\/106\/2022\/05\/EXPERTS-OKINAWA-SEMINARS-768x1086.png 768w, https:\/\/sites.ffkarate.fr\/yvelines78\/wp-content\/uploads\/sites\/106\/2022\/05\/EXPERTS-OKINAWA-SEMINARS-1086x1536.png 1086w, https:\/\/sites.ffkarate.fr\/yvelines78\/wp-content\/uploads\/sites\/106\/2022\/05\/EXPERTS-OKINAWA-SEMINARS-1448x2048.png 1448w, https:\/\/sites.ffkarate.fr\/yvelines78\/wp-content\/uploads\/sites\/106\/2022\/05\/EXPERTS-OKINAWA-SEMINARS.png 1587w\" sizes=\"(max-width: 329px) 100vw, 329px\" \/><\/div>\n<div><\/div>\n<div><\/div>\n<div><\/div>\n<div><\/div>\n<div>A noter, Stages du 12 et 14 juin 2022, dirig\u00e9s par trois experts d&rsquo;Okinawa \u00e0 savoir :<\/div>\n<div><\/div>\n<div>&#8211; Kiyohide Shinjo 10\u00e8me dan Uechi-ryu<\/div>\n<div>&#8211; Masaaki Ikemiyagi 9\u00e8me dan Goju-ryu<\/div>\n<div>&#8211; Koyu Higa 6\u00e8me dan Shorin-ryu<\/div>\n<div><\/div>\n<div>Les places sont limit\u00e9es :<\/div>\n<div>&#8211; 100 participants \u00e0 Maisons-Laffitte<\/div>\n<div>&#8211; 40 participants \u00e0 Paris 17\u00e8me<\/div>\n<div><\/div>\n<div>Les inscriptions sont donc obligatoires :<\/div>\n<div><\/div>\n<div><u><b>Maisons-Laffitte<\/b><\/u><\/div>\n<div>Didier Lorho<\/div>\n<div><a href=\"mailto:uechiryu.europe@gmail.com\" target=\"_blank\" rel=\"noopener\">uechiryu.europe@gmail.com<\/a><\/div>\n<div>ou<\/div>\n<div>06.19.74.32.00<\/div>\n<div><\/div>\n<div><u><b>Paris<\/b><\/u><\/div>\n<div>Louis de Saint-L\u00e9ger<\/div>\n<div><a href=\"mailto:contact@uechiryu-kenyukai.fr\" target=\"_blank\" rel=\"noopener\">contact@uechiryu-kenyukai.fr<\/a><\/div>\n<div>ou<\/div>\n<div>06.62.98.07.61<\/div>\n<div><\/div>\n<div><\/div>\n","protected":false},"excerpt":{"rendered":"<p>A noter, Stages du 12 et 14 juin 2022, dirig\u00e9s par trois experts d&rsquo;Okinawa \u00e0 savoir : &#8211; Kiyohide Shinjo 10\u00e8me dan Uechi-ryu &#8211; Masaaki Ikemiyagi 9\u00e8me dan Goju-ryu &#8211; Koyu Higa 6\u00e8me dan Shorin-ryu Les places sont limit\u00e9es : &#8211; 100 participants \u00e0 Maisons-Laffitte &#8211; 40 participants \u00e0 Paris 17\u00e8me Les inscriptions sont donc [&hellip;]<\/p>\n","protected":false},"author":191,"featured_media":0,"comment_status":"closed","ping_status":"closed","sticky":false,"template":"","format":"standard","meta":{"footnotes":""},"categories":[1],"tags":[],"class_list":["post-5721","post","type-post","status-publish","format-standard","hentry","category-non-classe"],"_links":{"self":[{"href":"https:\/\/sites.ffkarate.fr\/yvelines78\/wp-json\/wp\/v2\/posts\/5721","targetHints":{"allow":["GET"]}}],"collection":[{"href":"https:\/\/sites.ffkarate.fr\/yvelines78\/wp-json\/wp\/v2\/posts"}],"about":[{"href":"https:\/\/sites.ffkarate.fr\/yvelines78\/wp-json\/wp\/v2\/types\/post"}],"author":[{"embeddable":true,"href":"https:\/\/sites.ffkarate.fr\/yvelines78\/wp-json\/wp\/v2\/users\/191"}],"replies":[{"embeddable":true,"href":"https:\/\/sites.ffkarate.fr\/yvelines78\/wp-json\/wp\/v2\/comments?post=5721"}],"version-history":[{"count":3,"href":"https:\/\/sites.ffkarate.fr\/yvelines78\/wp-json\/wp\/v2\/posts\/5721\/revisions"}],"predecessor-version":[{"id":5725,"href":"https:\/\/sites.ffkarate.fr\/yvelines78\/wp-json\/wp\/v2\/posts\/5721\/revisions\/5725"}],"wp:attachment":[{"href":"https:\/\/sites.ffkarate.fr\/yvelines78\/wp-json\/wp\/v2\/media?parent=5721"}],"wp:term":[{"taxonomy":"category","embeddable":true,"href":"https:\/\/sites.ffkarate.fr\/yvelines78\/wp-json\/wp\/v2\/categories?post=5721"},{"taxonomy":"post_tag","embeddable":true,"href":"https:\/\/sites.ffkarate.fr\/yvelines78\/wp-json\/wp\/v2\/tags?post=5721"}],"curies":[{"name":"wp","href":"https:\/\/api.w.org\/{rel}","templated":true}]}}