{"id":6403,"date":"2023-03-09T11:34:32","date_gmt":"2023-03-09T10:34:32","guid":{"rendered":"https:\/\/sites.ffkarate.fr\/yvelines78\/?p=6403"},"modified":"2023-03-10T10:08:14","modified_gmt":"2023-03-10T09:08:14","slug":"qualifications-coupe-france-kata-et-kumite-pupilles-benjamins","status":"publish","type":"post","link":"https:\/\/sites.ffkarate.fr\/yvelines78\/2023\/03\/09\/qualifications-coupe-france-kata-et-kumite-pupilles-benjamins\/","title":{"rendered":"Qualifications Coupe France kata et kumit\u00e9 Pupilles \/ benjamins."},"content":{"rendered":"<p>&nbsp;<\/p>\n<p>Ci joint une liste suppl\u00e9mentaire pour les kata pr\u00e9cisant dans quel cat\u00e9gorie est inscrit le comp\u00e9titeur (pupille1 ou pupille 2, benjamin 1 ou benjamin 2).<\/p>\n<p>Vous trouverez egalement les programmes des diff\u00e9rentes comp\u00e9titions.<\/p>\n<p><strong>ATTENTION : Merci de noter\u00a0que les clubs doivent valider les inscriptions avant les dates de cl\u00f4ture<\/strong><\/p>\n<p>Ci dessous les liens vers les documents utiles<\/p>\n<ul>\n<li><a href=\"https:\/\/sites.ffkarate.fr\/yvelines78\/wp-content\/uploads\/sites\/106\/2023\/03\/Pre-inscriptions-kata-pupilles.pdf\">Pr\u00e9-inscriptions kata pupilles<\/a><\/li>\n<li><a href=\"https:\/\/sites.ffkarate.fr\/yvelines78\/wp-content\/uploads\/sites\/106\/2023\/03\/liste-selectionnes-coupe-de-France-kata-Pupilles.pdf\">liste selectionn\u00e9s coupe de France kata Pupilles<\/a><\/li>\n<li><a href=\"https:\/\/sites.ffkarate.fr\/yvelines78\/wp-content\/uploads\/sites\/106\/2023\/03\/liste-selectionnes-coupe-de-France-kata-Benjamins.pdf\">liste selectionn\u00e9s coupe de France kata Benjamins<\/a><\/li>\n<li><a href=\"https:\/\/sites.ffkarate.fr\/yvelines78\/wp-content\/uploads\/sites\/106\/2023\/03\/PROGRAMME-coupe-de-France-Pupilles-combats.pdf\">PROGRAMME coupe de France Pupilles combats<\/a><\/li>\n<li><a href=\"https:\/\/sites.ffkarate.fr\/yvelines78\/wp-content\/uploads\/sites\/106\/2023\/03\/liste-selectionnes-coupe-de-France-combats-pupilles.pdf\">liste selectionn\u00e9s coupe de France combats pupilles<\/a><\/li>\n<li><a href=\"https:\/\/sites.ffkarate.fr\/yvelines78\/wp-content\/uploads\/sites\/106\/2023\/03\/liste-selectionnes-coupe-de-France-combats-benjamins.pdf\">liste selectionn\u00e9s coupe de France combats benjamins<\/a><\/li>\n<li><a href=\"https:\/\/sites.ffkarate.fr\/yvelines78\/wp-content\/uploads\/sites\/106\/2023\/03\/PROGRAMME-coupe-de-France-combats-Benjamins.pdf\">PROGRAMME coupe de France combats Benjamins<\/a><\/li>\n<li><a href=\"https:\/\/sites.ffkarate.fr\/yvelines78\/wp-content\/uploads\/sites\/106\/2023\/03\/PROGRAMME-coupe-de-france-Kata.pdf\">PROGRAMME coupe de france Kata<\/a><a href=\"https:\/\/sites.ffkarate.fr\/yvelines78\/wp-content\/uploads\/sites\/106\/2023\/03\/Pre-inscriptions-kata-benjamins.pdf\">Pr\u00e9-inscriptions kata benjamins<\/a><\/li>\n<\/ul>\n","protected":false},"excerpt":{"rendered":"<p>&nbsp; Ci joint une liste suppl\u00e9mentaire pour les kata pr\u00e9cisant dans quel cat\u00e9gorie est inscrit le comp\u00e9titeur (pupille1 ou pupille 2, benjamin 1 ou benjamin 2). Vous trouverez egalement les programmes des diff\u00e9rentes comp\u00e9titions. ATTENTION : Merci de noter\u00a0que les clubs doivent valider les inscriptions avant les dates de cl\u00f4ture Ci dessous les liens vers [&hellip;]<\/p>\n","protected":false},"author":191,"featured_media":0,"comment_status":"closed","ping_status":"closed","sticky":false,"template":"","format":"standard","meta":{"footnotes":""},"categories":[1],"tags":[],"class_list":["post-6403","post","type-post","status-publish","format-standard","hentry","category-non-classe"],"_links":{"self":[{"href":"https:\/\/sites.ffkarate.fr\/yvelines78\/wp-json\/wp\/v2\/posts\/6403","targetHints":{"allow":["GET"]}}],"collection":[{"href":"https:\/\/sites.ffkarate.fr\/yvelines78\/wp-json\/wp\/v2\/posts"}],"about":[{"href":"https:\/\/sites.ffkarate.fr\/yvelines78\/wp-json\/wp\/v2\/types\/post"}],"author":[{"embeddable":true,"href":"https:\/\/sites.ffkarate.fr\/yvelines78\/wp-json\/wp\/v2\/users\/191"}],"replies":[{"embeddable":true,"href":"https:\/\/sites.ffkarate.fr\/yvelines78\/wp-json\/wp\/v2\/comments?post=6403"}],"version-history":[{"count":4,"href":"https:\/\/sites.ffkarate.fr\/yvelines78\/wp-json\/wp\/v2\/posts\/6403\/revisions"}],"predecessor-version":[{"id":6416,"href":"https:\/\/sites.ffkarate.fr\/yvelines78\/wp-json\/wp\/v2\/posts\/6403\/revisions\/6416"}],"wp:attachment":[{"href":"https:\/\/sites.ffkarate.fr\/yvelines78\/wp-json\/wp\/v2\/media?parent=6403"}],"wp:term":[{"taxonomy":"category","embeddable":true,"href":"https:\/\/sites.ffkarate.fr\/yvelines78\/wp-json\/wp\/v2\/categories?post=6403"},{"taxonomy":"post_tag","embeddable":true,"href":"https:\/\/sites.ffkarate.fr\/yvelines78\/wp-json\/wp\/v2\/tags?post=6403"}],"curies":[{"name":"wp","href":"https:\/\/api.w.org\/{rel}","templated":true}]}}