{"id":7826,"date":"2025-10-30T16:54:06","date_gmt":"2025-10-30T15:54:06","guid":{"rendered":"https:\/\/sites.ffkarate.fr\/yvelines78\/?p=7826"},"modified":"2025-10-30T16:54:39","modified_gmt":"2025-10-30T15:54:39","slug":"felicitations-a-zohra-hadji-juge-kumite-a-wkf","status":"publish","type":"post","link":"https:\/\/sites.ffkarate.fr\/yvelines78\/2025\/10\/30\/felicitations-a-zohra-hadji-juge-kumite-a-wkf\/","title":{"rendered":"FELICITATIONS A ZOHRA HADJI JUGE KUMITE A (WKF)"},"content":{"rendered":"<p data-start=\"350\" data-end=\"601\">Le Comit\u00e9 D\u00e9partemental des Yvelines de Karat\u00e9 et Disciplines Associ\u00e9es est fier d\u2019annoncer la r\u00e9ussite de Madame <strong>Zohra HADJI<\/strong>, responsable de l\u2019arbitrage d\u00e9partemental, \u00e0 l\u2019examen de <strong>Juge Kumite A<\/strong> de la <strong>World Karate Federation (WKF)<\/strong>.<!--more--><\/p>\n<p data-start=\"603\" data-end=\"751\">Elle a \u00e9t\u00e9 promue \u00e0 ce titre \u00e0 l\u2019issue du tournoi de qualification qui s\u2019est tenu \u00e0 Paris, du vendredi 17 au dimanche 19 octobre 2025.<\/p>\n<p data-start=\"753\" data-end=\"1036\">Cette distinction r\u00e9compense son engagement constant, sa comp\u00e9tence technique et son investissement sans faille au service du karat\u00e9 dans notre d\u00e9partement.<br data-start=\"921\" data-end=\"924\" \/>Le Comit\u00e9 lui adresse ses f\u00e9licitations les plus sinc\u00e8res et la remercie pour son d\u00e9vouement exemplaire.<\/p>\n","protected":false},"excerpt":{"rendered":"<p>Le Comit\u00e9 D\u00e9partemental des Yvelines de Karat\u00e9 et Disciplines Associ\u00e9es est fier d\u2019annoncer la r\u00e9ussite de Madame Zohra HADJI, responsable de l\u2019arbitrage d\u00e9partemental, \u00e0 l\u2019examen de Juge Kumite A de la World Karate Federation (WKF).<\/p>\n","protected":false},"author":28,"featured_media":7825,"comment_status":"open","ping_status":"open","sticky":false,"template":"","format":"standard","meta":{"footnotes":""},"categories":[8],"tags":[],"class_list":["post-7826","post","type-post","status-publish","format-standard","hentry","category-arbitrage"],"_links":{"self":[{"href":"https:\/\/sites.ffkarate.fr\/yvelines78\/wp-json\/wp\/v2\/posts\/7826","targetHints":{"allow":["GET"]}}],"collection":[{"href":"https:\/\/sites.ffkarate.fr\/yvelines78\/wp-json\/wp\/v2\/posts"}],"about":[{"href":"https:\/\/sites.ffkarate.fr\/yvelines78\/wp-json\/wp\/v2\/types\/post"}],"author":[{"embeddable":true,"href":"https:\/\/sites.ffkarate.fr\/yvelines78\/wp-json\/wp\/v2\/users\/28"}],"replies":[{"embeddable":true,"href":"https:\/\/sites.ffkarate.fr\/yvelines78\/wp-json\/wp\/v2\/comments?post=7826"}],"version-history":[{"count":4,"href":"https:\/\/sites.ffkarate.fr\/yvelines78\/wp-json\/wp\/v2\/posts\/7826\/revisions"}],"predecessor-version":[{"id":7830,"href":"https:\/\/sites.ffkarate.fr\/yvelines78\/wp-json\/wp\/v2\/posts\/7826\/revisions\/7830"}],"wp:featuredmedia":[{"embeddable":true,"href":"https:\/\/sites.ffkarate.fr\/yvelines78\/wp-json\/wp\/v2\/media\/7825"}],"wp:attachment":[{"href":"https:\/\/sites.ffkarate.fr\/yvelines78\/wp-json\/wp\/v2\/media?parent=7826"}],"wp:term":[{"taxonomy":"category","embeddable":true,"href":"https:\/\/sites.ffkarate.fr\/yvelines78\/wp-json\/wp\/v2\/categories?post=7826"},{"taxonomy":"post_tag","embeddable":true,"href":"https:\/\/sites.ffkarate.fr\/yvelines78\/wp-json\/wp\/v2\/tags?post=7826"}],"curies":[{"name":"wp","href":"https:\/\/api.w.org\/{rel}","templated":true}]}}